{"id":35094,"date":"2025-03-06T11:24:41","date_gmt":"2025-03-06T14:24:41","guid":{"rendered":"https:\/\/radiostudiow.com.br\/site\/?p=35094"},"modified":"2025-03-06T11:24:41","modified_gmt":"2025-03-06T14:24:41","slug":"prf-e-guarda-municipal-de-irati-apreendem-mercadorias-importadas-ilegalmente","status":"publish","type":"post","link":"https:\/\/radiostudiow.com.br\/site\/2025\/03\/06\/prf-e-guarda-municipal-de-irati-apreendem-mercadorias-importadas-ilegalmente\/","title":{"rendered":"PRF e Guarda Municipal de Irati apreendem mercadorias importadas ilegalmente"},"content":{"rendered":"\n<p>Na manh\u00e3 de ter\u00e7a-feira (5), a Pol\u00edcia Rodovi\u00e1ria Federal (PRF), com o apoio da Guarda Municipal de Irati, realizou uma apreens\u00e3o de mercadorias no posto de fiscaliza\u00e7\u00e3o da PRF, localizado no munic\u00edpio de Irati. O motorista, que transitava com um ve\u00edculo de carga, estava a caminho de Curitiba para entregar produtos oriundos da Argentina, quando foi abordado pelas autoridades.<\/p>\n\n\n\n<p>Dentre os itens encontrados no ve\u00edculo, estavam 60 garrafas de vinhos argentinos, rob\u00f4s aspiradores e perfumes, que, segundo as autoridades, estavam destinados \u00e0 comercializa\u00e7\u00e3o.<\/p>\n\n\n\n<figure class=\"wp-block-image size-full\"><img decoding=\"async\" src=\"https:\/\/radiostudiow.com.br\/site\/wp-content\/uploads\/2025\/03\/SITE-E-TV.png\" alt=\"\" class=\"wp-image-35098\"\/><\/figure>\n\n\n\n<p>De acordo com a PRF, a apreens\u00e3o ocorreu por descumprimento das normas fiscais, uma vez que o motorista ultrapassou a cota permitida para o transporte de produtos importados sem a devida documenta\u00e7\u00e3o de importa\u00e7\u00e3o ou nota fiscal. Al\u00e9m disso, a destina\u00e7\u00e3o comercial dos produtos sem o cumprimento das exig\u00eancias legais levou \u00e0 apreens\u00e3o, com a justificativa de que as mercadorias n\u00e3o foram regularizadas para o com\u00e9rcio no pa\u00eds.<\/p>\n\n\n\n<p>A fiscaliza\u00e7\u00e3o de produtos importados tem sido um foco constante das autoridades, que buscam garantir que as transa\u00e7\u00f5es comerciais estejam em conformidade com a legisla\u00e7\u00e3o brasileira. Produtos como vinhos, perfumes e eletr\u00f4nicos frequentemente s\u00e3o alvo de fiscaliza\u00e7\u00e3o rigorosa, uma vez que representam um segmento significativo das importa\u00e7\u00f5es ilegais que entram no mercado brasileiro.<\/p>\n\n\n\n<figure class=\"wp-block-image size-full\"><img loading=\"lazy\" decoding=\"async\" width=\"897\" height=\"204\" src=\"https:\/\/radiostudiow.com.br\/site\/wp-content\/uploads\/2025\/01\/SITE-GRANDE5.png\" alt=\"\" class=\"wp-image-32814\" srcset=\"https:\/\/radiostudiow.com.br\/site\/wp-content\/uploads\/2025\/01\/SITE-GRANDE5.png 897w, https:\/\/radiostudiow.com.br\/site\/wp-content\/uploads\/2025\/01\/SITE-GRANDE5-300x68.png 300w, https:\/\/radiostudiow.com.br\/site\/wp-content\/uploads\/2025\/01\/SITE-GRANDE5-768x175.png 768w\" sizes=\"auto, (max-width: 897px) 100vw, 897px\" \/><\/figure>\n\n\n\n<p>A PRF e a Guarda Municipal de Irati reiteram a import\u00e2ncia da colabora\u00e7\u00e3o entre as institui\u00e7\u00f5es para o combate ao tr\u00e1fico de mercadorias ilegais e ao descumprimento das normas fiscais. As mercadorias apreendidas ser\u00e3o agora encaminhadas para a avalia\u00e7\u00e3o de sua real proced\u00eancia e valor, sendo posteriormente destinadas conforme a legisla\u00e7\u00e3o vigente.<\/p>\n\n\n\n<p>O motorista, cuja identidade n\u00e3o foi divulgada, foi autuado e dever\u00e1 responder por infra\u00e7\u00f5es fiscais relacionadas ao transporte irregular de mercadorias.<\/p>\n\n\n\n<figure class=\"wp-block-image size-large\"><img loading=\"lazy\" decoding=\"async\" width=\"1024\" height=\"785\" src=\"https:\/\/radiostudiow.com.br\/site\/wp-content\/uploads\/2025\/03\/image-13-1024x785.png\" alt=\"\" class=\"wp-image-35096\" srcset=\"https:\/\/radiostudiow.com.br\/site\/wp-content\/uploads\/2025\/03\/image-13-1024x785.png 1024w, https:\/\/radiostudiow.com.br\/site\/wp-content\/uploads\/2025\/03\/image-13-300x230.png 300w, https:\/\/radiostudiow.com.br\/site\/wp-content\/uploads\/2025\/03\/image-13-768x589.png 768w, https:\/\/radiostudiow.com.br\/site\/wp-content\/uploads\/2025\/03\/image-13.png 1200w\" sizes=\"auto, (max-width: 1024px) 100vw, 1024px\" \/><figcaption class=\"wp-element-caption\"><em>Foto: Divulga\u00e7\u00e3o<\/em><\/figcaption><\/figure>\n","protected":false},"excerpt":{"rendered":"<p>Na manh\u00e3 de ter\u00e7a-feira (5), a Pol\u00edcia Rodovi\u00e1ria Federal (PRF), com o apoio da Guarda Municipal de Irati, realizou uma apreens\u00e3o de mercadorias no posto de fiscaliza\u00e7\u00e3o da PRF, localizado no munic\u00edpio de Irati. O motorista, que transitava com um ve\u00edculo de carga, estava a caminho de Curitiba para entregar produtos oriundos da Argentina, quando [&hellip;]<\/p>\n","protected":false},"author":2,"featured_media":35095,"comment_status":"open","ping_status":"open","sticky":false,"template":"","format":"standard","meta":{"footnotes":""},"categories":[7],"tags":[],"class_list":["post-35094","post","type-post","status-publish","format-standard","has-post-thumbnail","hentry","category-geral"],"amp_enabled":true,"_links":{"self":[{"href":"https:\/\/radiostudiow.com.br\/site\/wp-json\/wp\/v2\/posts\/35094","targetHints":{"allow":["GET"]}}],"collection":[{"href":"https:\/\/radiostudiow.com.br\/site\/wp-json\/wp\/v2\/posts"}],"about":[{"href":"https:\/\/radiostudiow.com.br\/site\/wp-json\/wp\/v2\/types\/post"}],"author":[{"embeddable":true,"href":"https:\/\/radiostudiow.com.br\/site\/wp-json\/wp\/v2\/users\/2"}],"replies":[{"embeddable":true,"href":"https:\/\/radiostudiow.com.br\/site\/wp-json\/wp\/v2\/comments?post=35094"}],"version-history":[{"count":2,"href":"https:\/\/radiostudiow.com.br\/site\/wp-json\/wp\/v2\/posts\/35094\/revisions"}],"predecessor-version":[{"id":35099,"href":"https:\/\/radiostudiow.com.br\/site\/wp-json\/wp\/v2\/posts\/35094\/revisions\/35099"}],"wp:featuredmedia":[{"embeddable":true,"href":"https:\/\/radiostudiow.com.br\/site\/wp-json\/wp\/v2\/media\/35095"}],"wp:attachment":[{"href":"https:\/\/radiostudiow.com.br\/site\/wp-json\/wp\/v2\/media?parent=35094"}],"wp:term":[{"taxonomy":"category","embeddable":true,"href":"https:\/\/radiostudiow.com.br\/site\/wp-json\/wp\/v2\/categories?post=35094"},{"taxonomy":"post_tag","embeddable":true,"href":"https:\/\/radiostudiow.com.br\/site\/wp-json\/wp\/v2\/tags?post=35094"}],"curies":[{"name":"wp","href":"https:\/\/api.w.org\/{rel}","templated":true}]}}