{"id":35169,"date":"2025-03-07T17:30:31","date_gmt":"2025-03-07T20:30:31","guid":{"rendered":"https:\/\/radiostudiow.com.br\/site\/?p=35169"},"modified":"2025-03-07T17:30:32","modified_gmt":"2025-03-07T20:30:32","slug":"saque-aniversario-do-fgts-pagamento-do-saldo-retido-comecou-nesta-quinta-feira-06-veja-se-tem-direito-e-como-receber","status":"publish","type":"post","link":"https:\/\/radiostudiow.com.br\/site\/2025\/03\/07\/saque-aniversario-do-fgts-pagamento-do-saldo-retido-comecou-nesta-quinta-feira-06-veja-se-tem-direito-e-como-receber\/","title":{"rendered":"Saque-anivers\u00e1rio do FGTS: pagamento do saldo retido come\u00e7ou nesta quinta-feira (06); Veja se tem direito e como receber"},"content":{"rendered":"\n<p>g1<\/p>\n\n\n\n<p>A&nbsp;<a class=\"\" href=\"https:\/\/g1.globo.com\/tudo-sobre\/caixa-economica-federal\/\" target=\"_blank\" rel=\"noreferrer noopener\">Caixa Econ\u00f4mica Federal<\/a>&nbsp;inicia, nesta quinta-feira (6), os pagamentos do Fundo de Garantia por Tempo de Servi\u00e7o (<a class=\"\" href=\"https:\/\/g1.globo.com\/tudo-sobre\/fgts\/\" target=\"_blank\" rel=\"noreferrer noopener\">FGTS<\/a>) aos&nbsp;<a class=\"\" href=\"https:\/\/g1.globo.com\/economia\/noticia\/2025\/02\/26\/114-milhoes-de-trabalhadores-que-aderiram-ao-saque-aniversario-receberao-ate-r-3-mil-diz-ministro.ghtml\" target=\"_blank\" rel=\"noreferrer noopener\">trabalhadores que optaram pela modalidade de saque-anivers\u00e1rio e foram demitidos sem justa causa<\/a>&nbsp;entre janeiro de 2020 e fevereiro de 2025.<\/p>\n\n\n\n<p>Ao todo, o banco ir\u00e1 realizar o pagamento de cerca de&nbsp;<strong>R$ 12 bilh\u00f5es<\/strong>&nbsp;para aproximadamente 12,2 milh\u00f5es de trabalhadores.<\/p>\n\n\n\n<h2 class=\"wp-block-heading\">Quem poder\u00e1 sacar os recursos?<\/h2>\n\n\n\n<p>Apenas os trabalhadores que haviam optado pelo saque-anivers\u00e1rio e foram demitidos entre janeiro de 2020 e 28 de fevereiro de 2025.<\/p>\n\n\n\n<p>A medida do governo n\u00e3o prev\u00ea mudan\u00e7as nas regras de saque para quem pediu demiss\u00e3o. Assim, valem as normas em vigor sobre o FGTS, em que o trabalhador n\u00e3o pode movimentar o saldo e n\u00e3o recebe multa rescis\u00f3ria de 40% sobre o saldo do fundo.<\/p>\n\n\n\n<figure class=\"wp-block-image size-full\"><img decoding=\"async\" src=\"https:\/\/radiostudiow.com.br\/site\/wp-content\/uploads\/2025\/03\/SITE-E-TV.png\" alt=\"\" class=\"wp-image-35098\"\/><\/figure>\n\n\n\n<h2 class=\"wp-block-heading\">Como ser\u00e1 feito o pagamento?<\/h2>\n\n\n\n<p>Os pagamentos ser\u00e3o realizados em duas etapas.<\/p>\n\n\n\n<p><strong>Para os trabalhadores que j\u00e1 t\u00eam uma conta banc\u00e1ria cadastrada previamente no aplicativo FGTS<\/strong>, o pagamento ser\u00e1 feito da seguinte forma:<\/p>\n\n\n\n<ol class=\"wp-block-list\">\n<li>1 &#8211; na primeira etapa, que acontece nesta quinta-feira, a Caixa far\u00e1 um cr\u00e9dito autom\u00e1tico de at\u00e9 R$ 3 mil na conta indicada no aplicativo do FGTS;<\/li>\n\n\n\n<li>2 &#8211; na segunda etapa, que come\u00e7a em 17 de junho, os trabalhadores que t\u00eam um saldo superior a R$ 3 mil recebem os valores remanescentes tamb\u00e9m de forma autom\u00e1tica.<\/li>\n<\/ol>\n\n\n\n<p>J\u00e1&nbsp;<strong>os trabalhadores que n\u00e3o possuem uma conta cadastrada no aplicativo<\/strong>, o saque estar\u00e1 dispon\u00edvel nos canais de atendimento da Caixa, como lot\u00e9ricas, terminais de autoatendimento e ag\u00eancias f\u00edsicas do banco. Nesse caso,&nbsp;<strong>o pagamento acontece de forma escalonada, conforme o calend\u00e1rio abaixo:<\/strong><\/p>\n\n\n\n<p>Datas para saque do FGTS para quem n\u00e3o tem conta cadastrada<\/p>\n\n\n\n<figure class=\"wp-block-table\"><table class=\"has-fixed-layout\"><tbody><tr><td>M\u00eas de anivers\u00e1rio<\/td><td>Saque na 1\u00aa etapa<\/td><td>Saque na 2\u00aa etapa<\/td><\/tr><tr><td>Janeiro, Fevereiro, Mar\u00e7o e Abril<\/td><td>06 de mar\u00e7o<\/td><td>17 de junho<\/td><\/tr><tr><td>Maio, Junho, Julho e Agosto<\/td><td>07 de mar\u00e7o<\/td><td>18 de junho<\/td><\/tr><tr><td>Setembro, Outubro, Novembro e Dezembro<\/td><td>10 de mar\u00e7o<\/td><td>20 de junho<\/td><\/tr><\/tbody><\/table><\/figure>\n\n\n\n<p>Fonte: Caixa Econ\u00f4mica Federal<br><br>Os trabalhadores que precisarem ir aos canais f\u00edsicos de atendimento da Caixa, tamb\u00e9m devem se atentar \u00e0s regras para saques. S\u00e3o elas:<\/p>\n\n\n\n<ul class=\"wp-block-list\">\n<li>&#8211; para saques de<strong>\u00a0at\u00e9 R$ 1.500<\/strong>, o trabalhador pode retirar o dinheiro no caixa eletr\u00f4nico de ag\u00eancia da Caixa com a senha cidad\u00e3o;<\/li>\n\n\n\n<li>&#8211; para saques de\u00a0<strong>at\u00e9 R$ 3 mil<\/strong>, o trabalhador pode retirar o dinheiro com cart\u00e3o e senha nas lot\u00e9ricas ou caixas eletr\u00f4nicos;<\/li>\n\n\n\n<li>&#8211; para saques\u00a0<strong>acima de R$ 3 mil<\/strong>\u00a0(comente na segunda etapa de pagamentos), o trabalhador deve procurar uma ag\u00eancia da Caixa com documentos de identifica\u00e7\u00e3o pessoal e carteira de trabalho.<\/li>\n<\/ul>\n\n\n\n<p>Para demiss\u00f5es que ocorrerem depois de 28 de fevereiro de 2025, vale a regra original: quem escolheu o saque-anivers\u00e1rio e for demitido s\u00f3 poder\u00e1 sacar a multa rescis\u00f3ria de 40%.<\/p>\n\n\n\n<figure class=\"wp-block-image size-full\"><img loading=\"lazy\" decoding=\"async\" width=\"897\" height=\"204\" src=\"https:\/\/radiostudiow.com.br\/site\/wp-content\/uploads\/2025\/01\/SITE-GRANDE3.png\" alt=\"\" class=\"wp-image-32900\" srcset=\"https:\/\/radiostudiow.com.br\/site\/wp-content\/uploads\/2025\/01\/SITE-GRANDE3.png 897w, https:\/\/radiostudiow.com.br\/site\/wp-content\/uploads\/2025\/01\/SITE-GRANDE3-300x68.png 300w, https:\/\/radiostudiow.com.br\/site\/wp-content\/uploads\/2025\/01\/SITE-GRANDE3-768x175.png 768w\" sizes=\"auto, (max-width: 897px) 100vw, 897px\" \/><\/figure>\n\n\n\n<h2 class=\"wp-block-heading\">1. Quais s\u00e3o as modalidades de saque do FGTS?<\/h2>\n\n\n\n<p>O FGTS possui duas principais modalidades de saque:<\/p>\n\n\n\n<p><strong>Saque-rescis\u00e3o:<\/strong>\u00a0permite que o trabalhador saque integralmente os recursos quando \u00e9 demitido sem justa causa, incluindo a multa rescis\u00f3ria de 40%. \u00c9 a modalidade padr\u00e3o.<\/p>\n\n\n\n<p><strong>Saque-anivers\u00e1rio:<\/strong>&nbsp;permite um saque anual, no m\u00eas do anivers\u00e1rio do trabalhador. A modalidade \u00e9 opcional, e se perde o direito de sacar o saldo total do FGTS em caso de demiss\u00e3o sem justa causa.<\/p>\n\n\n\n<h2 class=\"wp-block-heading\">2. O que muda com a nova medida do governo?<\/h2>\n\n\n\n<p>A nova regra permite que os trabalhadores que optam pelo saque-anivers\u00e1rio,&nbsp;<strong>e que tenham sido demitidos de janeiro de 2020 at\u00e9 28 de fevereiro de 2025<\/strong>, possam sacar o valor total dispon\u00edvel no fundo de garantia.<\/p>\n\n\n\n<p>Apenas os trabalhadores que haviam optado pelo saque-anivers\u00e1rio e foram demitidos de 2020 at\u00e9 28 de fevereiro de 2025.<\/p>\n\n\n\n<p><strong>A medida do governo n\u00e3o prev\u00ea mudan\u00e7as nas regras de saque para quem pediu demiss\u00e3o.<\/strong>&nbsp;Assim, valem as normas em vigor sobre o FGTS, em que o trabalhador n\u00e3o pode movimentar o saldo e n\u00e3o recebe multa rescis\u00f3ria de 40% sobre o saldo do fundo.<\/p>\n\n\n\n<h2 class=\"wp-block-heading\">3. Quem poder\u00e1 sacar os recursos?<\/h2>\n\n\n\n<p>Apenas os trabalhadores que haviam optado pelo saque-anivers\u00e1rio e foram demitidos de 2020 at\u00e9 28 de fevereiro de 2025.<\/p>\n\n\n\n<p><strong>A medida do governo n\u00e3o prev\u00ea mudan\u00e7as nas regras de saque para quem pediu demiss\u00e3o.<\/strong>&nbsp;Assim, valem as normas em vigor sobre o FGTS, em que o trabalhador n\u00e3o pode movimentar o saldo e n\u00e3o recebe multa rescis\u00f3ria de 40% sobre o saldo do fundo.<\/p>\n\n\n\n<h2 class=\"wp-block-heading\">4. Quem continuar\u00e1 sem direito ao saque do saldo total do FGTS?<\/h2>\n\n\n\n<p>&#8211; Trabalhadores que aderirem ao saque-anivers\u00e1rio\u00a0<strong>ap\u00f3s a publica\u00e7\u00e3o da medida\u00a0<\/strong>continuar\u00e3o impedidos de sacar o saldo total em caso de demiss\u00e3o sem justa causa.<\/p>\n\n\n\n<p>\u00a0&#8211; Quem\u00a0<strong>pediu demiss\u00e3o<\/strong>\u00a0tamb\u00e9m n\u00e3o poder\u00e1 sacar o FGTS, pois a medida vale apenas para quem foi demitido.<\/p>\n\n\n\n<p>\u00a0&#8211; Quem\u00a0<strong>antecipou valores do saque-anivers\u00e1rio\u00a0<\/strong>por meio de empr\u00e9stimos n\u00e3o poder\u00e1 sacar a parte do saldo usada como garantia do cr\u00e9dito.<\/p>\n\n\n\n<h2 class=\"wp-block-heading\">5. Fiz um empr\u00e9stimo com base no saldo do FGTS, posso sacar todo o valor agora?<\/h2>\n\n\n\n<p>N\u00e3o. Se um trabalhador tinha R$ 75 mil no FGTS e antecipou R$ 35 mil em empr\u00e9stimos, ele poder\u00e1 sacar apenas os R$ 40 mil restantes.<\/p>\n\n\n\n<p><strong>Os valores j\u00e1 comprometidos ficam bloqueados para honrar o cr\u00e9dito tomado<\/strong><\/p>\n\n\n\n<figure class=\"wp-block-image size-full\"><img loading=\"lazy\" decoding=\"async\" width=\"598\" height=\"204\" src=\"https:\/\/radiostudiow.com.br\/site\/wp-content\/uploads\/2025\/01\/SITE-MEDIO3.png\" alt=\"\" class=\"wp-image-32815\" srcset=\"https:\/\/radiostudiow.com.br\/site\/wp-content\/uploads\/2025\/01\/SITE-MEDIO3.png 598w, https:\/\/radiostudiow.com.br\/site\/wp-content\/uploads\/2025\/01\/SITE-MEDIO3-300x102.png 300w\" sizes=\"auto, (max-width: 598px) 100vw, 598px\" \/><\/figure>\n\n\n\n<h2 class=\"wp-block-heading\">6. Fui demitido por justa causa. Tenho direito a receber?<\/h2>\n\n\n\n<p>N\u00e3o. Os valores s\u00f3 ficar\u00e3o dispon\u00edveis para os trabalhadores que tiverem sido demitidos de 2020 at\u00e9 esta semana e estavam na modalidade do saque-anivers\u00e1rio.<\/p>\n\n\n\n<h2 class=\"wp-block-heading\">7. Essa medida ser\u00e1 permanente?<\/h2>\n\n\n\n<p>N\u00e3o. O governo afirmou que&nbsp;<strong>n\u00e3o far\u00e1 novas mudan\u00e7as no saque-anivers\u00e1rio ap\u00f3s essa medida.<\/strong><\/p>\n\n\n\n<p>Segundo o Pal\u00e1cio do Planalto, modificar a regra do saque-anivers\u00e1rio de forma definitiva comprometeria a sustentabilidade do FGTS, que \u00e9 usado para financiar habita\u00e7\u00e3o e infraestrutura no pa\u00eds.<\/p>\n\n\n\n<h2 class=\"wp-block-heading\">8. Essa medida pode afetar a infla\u00e7\u00e3o e os juros?<\/h2>\n\n\n\n<p>A libera\u00e7\u00e3o de recursos do FGTS pode injetar dinheiro na economia em um momento em que o governo busca controlar a infla\u00e7\u00e3o.&nbsp;<strong>O aumento da circula\u00e7\u00e3o de dinheiro pode pressionar os pre\u00e7os e afetar a taxa de juros.<\/strong><\/p>\n\n\n\n<h2 class=\"wp-block-heading\">9. Quem fez acordo legal e ainda tem 20% do FGTS travado vai poder sacar?<\/h2>\n\n\n\n<p>N\u00e3o. Quem fez acordo judicial e tem parte do FGTS retido&nbsp;<strong>n\u00e3o ser\u00e1 beneficiado pela medida.<\/strong>&nbsp;O desbloqueio do saldo depender\u00e1 dos termos desse acordo espec\u00edfico.<\/p>\n\n\n\n<h2 class=\"wp-block-heading\">10. Ainda ser\u00e1 poss\u00edvel fazer antecipa\u00e7\u00f5es do FGTS?<\/h2>\n\n\n\n<p>Sim. O governo n\u00e3o alterou essa possibilidade. O trabalhador que j\u00e1 aderiu ao saque-anivers\u00e1rio&nbsp;<strong>pode continuar antecipando os saques futuros<\/strong>&nbsp;por meio de empr\u00e9stimos contratados com os bancos.<\/p>\n\n\n\n<h2 class=\"wp-block-heading\">11. Quem fez empr\u00e9stimo usando o saque-anivers\u00e1rio poder\u00e1 sacar o saldo do FGTS?<\/h2>\n\n\n\n<p>Apenas parte do saldo. Se o trabalhador fez um empr\u00e9stimo e antecipou parte do saque-anivers\u00e1rio, o valor correspondente ao contrato ficar\u00e1 bloqueado para garantir o pagamento do banco.&nbsp;<strong>Ele s\u00f3 poder\u00e1 sacar o que restar ap\u00f3s o desconto do valor antecipado.<\/strong><\/p>\n\n\n\n<h2 class=\"wp-block-heading\">12. Quem tem dinheiro retido h\u00e1 muitos anos vai poder sacar?<\/h2>\n\n\n\n<p>Depende. A medida vale apenas para trabalhadores demitidos sem justa causa entre janeiro de 2020 e a fevereiro de 2025, e que tenham aderido ao saque-anivers\u00e1rio.&nbsp;<strong>Se um trabalhador tem saldo retido de muito antes desse per\u00edodo, ele n\u00e3o ser\u00e1 contemplado.<\/strong><\/p>\n\n\n\n<h2 class=\"wp-block-heading\">13. Hoje estou trabalhando, mesmo assim consigo sacar o dinheiro que ficou preso do antigo emprego?<\/h2>\n\n\n\n<p>Se voc\u00ea optou pelo saque-anivers\u00e1rio e foi demitido entre janeiro de 2020, agora poder\u00e1 sacar o saldo retido. Mas se o valor j\u00e1 foi usado para antecipa\u00e7\u00e3o de empr\u00e9stimos, apenas a parte restante estar\u00e1 dispon\u00edvel.<\/p>\n\n\n\n<p>Caso continue no saque-anivers\u00e1rio ap\u00f3s a publica\u00e7\u00e3o da MP, seguir\u00e1 com as regras normais da modalidade \u2013 ou seja, n\u00e3o poder\u00e1 sacar o saldo integral se for demitido futuramente.<\/p>\n","protected":false},"excerpt":{"rendered":"<p>g1 A&nbsp;Caixa Econ\u00f4mica Federal&nbsp;inicia, nesta quinta-feira (6), os pagamentos do Fundo de Garantia por Tempo de Servi\u00e7o (FGTS) aos&nbsp;trabalhadores que optaram pela modalidade de saque-anivers\u00e1rio e foram demitidos sem justa causa&nbsp;entre janeiro de 2020 e fevereiro de 2025. Ao todo, o banco ir\u00e1 realizar o pagamento de cerca de&nbsp;R$ 12 bilh\u00f5es&nbsp;para aproximadamente 12,2 milh\u00f5es de [&hellip;]<\/p>\n","protected":false},"author":2,"featured_media":35170,"comment_status":"open","ping_status":"open","sticky":false,"template":"","format":"standard","meta":{"footnotes":""},"categories":[7],"tags":[172],"class_list":["post-35169","post","type-post","status-publish","format-standard","has-post-thumbnail","hentry","category-geral","tag-featured"],"amp_enabled":true,"_links":{"self":[{"href":"https:\/\/radiostudiow.com.br\/site\/wp-json\/wp\/v2\/posts\/35169","targetHints":{"allow":["GET"]}}],"collection":[{"href":"https:\/\/radiostudiow.com.br\/site\/wp-json\/wp\/v2\/posts"}],"about":[{"href":"https:\/\/radiostudiow.com.br\/site\/wp-json\/wp\/v2\/types\/post"}],"author":[{"embeddable":true,"href":"https:\/\/radiostudiow.com.br\/site\/wp-json\/wp\/v2\/users\/2"}],"replies":[{"embeddable":true,"href":"https:\/\/radiostudiow.com.br\/site\/wp-json\/wp\/v2\/comments?post=35169"}],"version-history":[{"count":1,"href":"https:\/\/radiostudiow.com.br\/site\/wp-json\/wp\/v2\/posts\/35169\/revisions"}],"predecessor-version":[{"id":35171,"href":"https:\/\/radiostudiow.com.br\/site\/wp-json\/wp\/v2\/posts\/35169\/revisions\/35171"}],"wp:featuredmedia":[{"embeddable":true,"href":"https:\/\/radiostudiow.com.br\/site\/wp-json\/wp\/v2\/media\/35170"}],"wp:attachment":[{"href":"https:\/\/radiostudiow.com.br\/site\/wp-json\/wp\/v2\/media?parent=35169"}],"wp:term":[{"taxonomy":"category","embeddable":true,"href":"https:\/\/radiostudiow.com.br\/site\/wp-json\/wp\/v2\/categories?post=35169"},{"taxonomy":"post_tag","embeddable":true,"href":"https:\/\/radiostudiow.com.br\/site\/wp-json\/wp\/v2\/tags?post=35169"}],"curies":[{"name":"wp","href":"https:\/\/api.w.org\/{rel}","templated":true}]}}