{"id":35184,"date":"2025-03-07T21:25:44","date_gmt":"2025-03-08T00:25:44","guid":{"rendered":"https:\/\/radiostudiow.com.br\/site\/?p=35184"},"modified":"2025-03-07T21:25:44","modified_gmt":"2025-03-08T00:25:44","slug":"moradores-do-bairro-eldorado-em-mallet-sofrem-com-falta-de-agua-e-baixa-pressao-nas-torneiras","status":"publish","type":"post","link":"https:\/\/radiostudiow.com.br\/site\/2025\/03\/07\/moradores-do-bairro-eldorado-em-mallet-sofrem-com-falta-de-agua-e-baixa-pressao-nas-torneiras\/","title":{"rendered":"Moradores do Bairro Eldorado em Mallet sofrem com falta de \u00e1gua e baixa press\u00e3o nas torneiras"},"content":{"rendered":"\n<p>Nos \u00faltimos dias, os moradores do Bairro Eldorado, em Mallet, t\u00eam enfrentado s\u00e9rios problemas no abastecimento de \u00e1gua.<\/p>\n\n\n\n<p>Al\u00e9m da frequente falta do servi\u00e7o, a popula\u00e7\u00e3o tamb\u00e9m reclama da baixa press\u00e3o nas torneiras, o que tem dificultado as atividades di\u00e1rias.<\/p>\n\n\n\n<p>Segundo os relatos da comunidade, os cortes ocorrem regularmente aos s\u00e1bados e quartas-feiras, e agora passaram a acontecer tamb\u00e9m em dias aleat\u00f3rios.<\/p>\n\n\n\n<figure class=\"wp-block-image size-full\"><img loading=\"lazy\" decoding=\"async\" width=\"598\" height=\"204\" src=\"https:\/\/radiostudiow.com.br\/site\/wp-content\/uploads\/2025\/01\/SITE-MEDIO7.png\" alt=\"\" class=\"wp-image-32801\" srcset=\"https:\/\/radiostudiow.com.br\/site\/wp-content\/uploads\/2025\/01\/SITE-MEDIO7.png 598w, https:\/\/radiostudiow.com.br\/site\/wp-content\/uploads\/2025\/01\/SITE-MEDIO7-300x102.png 300w\" sizes=\"auto, (max-width: 598px) 100vw, 598px\" \/><\/figure>\n\n\n\n<p>Quando a \u00e1gua retorna, \u00e9 pr\u00f3ximo das 23h, for\u00e7ando os moradores a aguardarem at\u00e9 tarde da noite para realizarem tarefas essenciais, como tomar banho e cozinhar. &#8220;Cansamos de abrir chamados para a Sanepar e reclamar, mas nada se resolve. \u00c9 o bairro todo! S\u00e3o muitas pessoas! Est\u00e1 desanimador!&#8221;, desabafou um morador a Reportagem do W Not\u00edcias.<\/p>\n\n\n\n<p>Diante das reclama\u00e7\u00f5es, procuramos a Sanepar para esclarecer a situa\u00e7\u00e3o. O gerente regional da empresa em Uni\u00e3o da Vit\u00f3ria, Ant\u00f4nio Marcos Vieira, explicou que a escassez no fornecimento tem rela\u00e7\u00e3o com o aumento do consumo de \u00e1gua na cidade de Mallet. Segundo ele, nos \u00faltimos dias, houve um crescimento de aproximadamente 19% na demanda, resultado da eleva\u00e7\u00e3o da temperatura m\u00e9dia em 4\u00baC.<\/p>\n\n\n\n<figure class=\"wp-block-image size-full\"><img loading=\"lazy\" decoding=\"async\" width=\"598\" height=\"204\" src=\"https:\/\/radiostudiow.com.br\/site\/wp-content\/uploads\/2025\/01\/SITE-MEDIO.png\" alt=\"\" class=\"wp-image-32810\" srcset=\"https:\/\/radiostudiow.com.br\/site\/wp-content\/uploads\/2025\/01\/SITE-MEDIO.png 598w, https:\/\/radiostudiow.com.br\/site\/wp-content\/uploads\/2025\/01\/SITE-MEDIO-300x102.png 300w\" sizes=\"auto, (max-width: 598px) 100vw, 598px\" \/><\/figure>\n\n\n\n<p>Questionado sobre o risco de novos cortes no fornecimento, Vieira afirmou que, at\u00e9 o momento, os reservat\u00f3rios est\u00e3o cheios e a empresa segue monitorando a produ\u00e7\u00e3o e distribui\u00e7\u00e3o para evitar desabastecimento.<\/p>\n\n\n\n<p>Para solucionar o problema de forma definitiva, est\u00e1 prevista a abertura das propostas de licita\u00e7\u00e3o no dia 1\u00ba de abril de 2025 para melhorias na infraestrutura de distribui\u00e7\u00e3o de \u00e1gua pot\u00e1vel em Mallet.<br>As obras ter\u00e3o um prazo de execu\u00e7\u00e3o estimado de 510 dias e incluem, no mesmo lote, a interliga\u00e7\u00e3o do distrito de Dorizon ao sistema da sede do munic\u00edpio.<\/p>\n\n\n\n<p>Enquanto as melhorias n\u00e3o chegam, a popula\u00e7\u00e3o do Bairro Eldorado segue enfrentando dificuldades e cobrando solu\u00e7\u00f5es mais imediatas para o abastecimento de \u00e1gua.<\/p>\n","protected":false},"excerpt":{"rendered":"<p>Nos \u00faltimos dias, os moradores do Bairro Eldorado, em Mallet, t\u00eam enfrentado s\u00e9rios problemas no abastecimento de \u00e1gua. Al\u00e9m da frequente falta do servi\u00e7o, a popula\u00e7\u00e3o tamb\u00e9m reclama da baixa press\u00e3o nas torneiras, o que tem dificultado as atividades di\u00e1rias. Segundo os relatos da comunidade, os cortes ocorrem regularmente aos s\u00e1bados e quartas-feiras, e agora [&hellip;]<\/p>\n","protected":false},"author":2,"featured_media":35185,"comment_status":"open","ping_status":"open","sticky":false,"template":"","format":"standard","meta":{"footnotes":""},"categories":[184],"tags":[172],"class_list":["post-35184","post","type-post","status-publish","format-standard","has-post-thumbnail","hentry","category-local","tag-featured"],"amp_enabled":true,"_links":{"self":[{"href":"https:\/\/radiostudiow.com.br\/site\/wp-json\/wp\/v2\/posts\/35184","targetHints":{"allow":["GET"]}}],"collection":[{"href":"https:\/\/radiostudiow.com.br\/site\/wp-json\/wp\/v2\/posts"}],"about":[{"href":"https:\/\/radiostudiow.com.br\/site\/wp-json\/wp\/v2\/types\/post"}],"author":[{"embeddable":true,"href":"https:\/\/radiostudiow.com.br\/site\/wp-json\/wp\/v2\/users\/2"}],"replies":[{"embeddable":true,"href":"https:\/\/radiostudiow.com.br\/site\/wp-json\/wp\/v2\/comments?post=35184"}],"version-history":[{"count":1,"href":"https:\/\/radiostudiow.com.br\/site\/wp-json\/wp\/v2\/posts\/35184\/revisions"}],"predecessor-version":[{"id":35186,"href":"https:\/\/radiostudiow.com.br\/site\/wp-json\/wp\/v2\/posts\/35184\/revisions\/35186"}],"wp:featuredmedia":[{"embeddable":true,"href":"https:\/\/radiostudiow.com.br\/site\/wp-json\/wp\/v2\/media\/35185"}],"wp:attachment":[{"href":"https:\/\/radiostudiow.com.br\/site\/wp-json\/wp\/v2\/media?parent=35184"}],"wp:term":[{"taxonomy":"category","embeddable":true,"href":"https:\/\/radiostudiow.com.br\/site\/wp-json\/wp\/v2\/categories?post=35184"},{"taxonomy":"post_tag","embeddable":true,"href":"https:\/\/radiostudiow.com.br\/site\/wp-json\/wp\/v2\/tags?post=35184"}],"curies":[{"name":"wp","href":"https:\/\/api.w.org\/{rel}","templated":true}]}}