{"id":35191,"date":"2025-03-07T21:32:18","date_gmt":"2025-03-08T00:32:18","guid":{"rendered":"https:\/\/radiostudiow.com.br\/site\/?p=35191"},"modified":"2025-03-07T21:32:18","modified_gmt":"2025-03-08T00:32:18","slug":"uniao-da-vitoria-confirma-casos-de-dengue-e-chikungunya","status":"publish","type":"post","link":"https:\/\/radiostudiow.com.br\/site\/2025\/03\/07\/uniao-da-vitoria-confirma-casos-de-dengue-e-chikungunya\/","title":{"rendered":"Uni\u00e3o da Vit\u00f3ria confirma casos de dengue e chikungunya"},"content":{"rendered":"\n<p>A&nbsp;Secretaria de Sa\u00fade de Uni\u00e3o da Vit\u00f3ria&nbsp;informou que foram confirmados dois casos de&nbsp;Chikungunya e um caso de Dengue, contra\u00eddos de forma aut\u00f3ctone no munic\u00edpio. Essas doen\u00e7as s\u00e3o transmitidas pela picada do mosquito Aedes Aegypti contaminado.<\/p>\n\n\n\n<p>Para evitar a prolifera\u00e7\u00e3o da doen\u00e7a, a equipe da Vigil\u00e2ncia Ambiental intensificou a atua\u00e7\u00e3o nas \u00e1reas onde est\u00e3o sendo localizados focos do mosquito.<\/p>\n\n\n\n<figure class=\"wp-block-image size-full\"><img loading=\"lazy\" decoding=\"async\" width=\"720\" height=\"514\" src=\"https:\/\/radiostudiow.com.br\/site\/wp-content\/uploads\/2025\/03\/04.png\" alt=\"\" class=\"wp-image-35193\" srcset=\"https:\/\/radiostudiow.com.br\/site\/wp-content\/uploads\/2025\/03\/04.png 720w, https:\/\/radiostudiow.com.br\/site\/wp-content\/uploads\/2025\/03\/04-300x214.png 300w\" sizes=\"auto, (max-width: 720px) 100vw, 720px\" \/><\/figure>\n\n\n\n<figure class=\"wp-block-image size-full\"><img loading=\"lazy\" decoding=\"async\" width=\"897\" height=\"204\" src=\"https:\/\/radiostudiow.com.br\/site\/wp-content\/uploads\/2025\/03\/BARAO-NOVO-NOTICIAS-1.jpg\" alt=\"\" class=\"wp-image-35084\" srcset=\"https:\/\/radiostudiow.com.br\/site\/wp-content\/uploads\/2025\/03\/BARAO-NOVO-NOTICIAS-1.jpg 897w, https:\/\/radiostudiow.com.br\/site\/wp-content\/uploads\/2025\/03\/BARAO-NOVO-NOTICIAS-1-300x68.jpg 300w, https:\/\/radiostudiow.com.br\/site\/wp-content\/uploads\/2025\/03\/BARAO-NOVO-NOTICIAS-1-768x175.jpg 768w\" sizes=\"auto, (max-width: 897px) 100vw, 897px\" \/><\/figure>\n\n\n\n<p><em><strong>A\u00a0secret\u00e1ria de Sa\u00fade, Sonia Guzzoni Drozda, explicou que os Agentes de Combate \u00e0 Endemias est\u00e3o atuando para evitar casos dessas doen\u00e7as, e que est\u00e3o intensificando as a\u00e7\u00f5es com a aplica\u00e7\u00e3o de um inseticida nas regi\u00f5es onde temos focos do Aedes.<\/strong><\/em><\/p>\n\n\n\n<p>A popula\u00e7\u00e3o \u00e9 convidada a colaborar, seguindo as instru\u00e7\u00f5es recebidas e cuidando para evitar focos do mosquito em suas casas e com\u00e9rcios.<\/p>\n\n\n\n<p>Em casos de sintomas, a recomenda\u00e7\u00e3o \u00e9 procurar a Unidade B\u00e1sica de Sa\u00fade mais pr\u00f3xima para receber tratamento adequado.<\/p>\n\n\n\n<figure class=\"wp-block-image size-large\"><img loading=\"lazy\" decoding=\"async\" width=\"1024\" height=\"576\" src=\"https:\/\/radiostudiow.com.br\/site\/wp-content\/uploads\/2025\/03\/06-1024x576.png\" alt=\"\" class=\"wp-image-35194\" srcset=\"https:\/\/radiostudiow.com.br\/site\/wp-content\/uploads\/2025\/03\/06-1024x576.png 1024w, https:\/\/radiostudiow.com.br\/site\/wp-content\/uploads\/2025\/03\/06-300x169.png 300w, https:\/\/radiostudiow.com.br\/site\/wp-content\/uploads\/2025\/03\/06-768x432.png 768w, https:\/\/radiostudiow.com.br\/site\/wp-content\/uploads\/2025\/03\/06-1536x864.png 1536w, https:\/\/radiostudiow.com.br\/site\/wp-content\/uploads\/2025\/03\/06.png 1920w\" sizes=\"auto, (max-width: 1024px) 100vw, 1024px\" \/><\/figure>\n","protected":false},"excerpt":{"rendered":"<p>A&nbsp;Secretaria de Sa\u00fade de Uni\u00e3o da Vit\u00f3ria&nbsp;informou que foram confirmados dois casos de&nbsp;Chikungunya e um caso de Dengue, contra\u00eddos de forma aut\u00f3ctone no munic\u00edpio. Essas doen\u00e7as s\u00e3o transmitidas pela picada do mosquito Aedes Aegypti contaminado. Para evitar a prolifera\u00e7\u00e3o da doen\u00e7a, a equipe da Vigil\u00e2ncia Ambiental intensificou a atua\u00e7\u00e3o nas \u00e1reas onde est\u00e3o sendo localizados [&hellip;]<\/p>\n","protected":false},"author":2,"featured_media":35192,"comment_status":"open","ping_status":"open","sticky":false,"template":"","format":"standard","meta":{"footnotes":""},"categories":[182],"tags":[172],"class_list":["post-35191","post","type-post","status-publish","format-standard","has-post-thumbnail","hentry","category-saude","tag-featured"],"amp_enabled":true,"_links":{"self":[{"href":"https:\/\/radiostudiow.com.br\/site\/wp-json\/wp\/v2\/posts\/35191","targetHints":{"allow":["GET"]}}],"collection":[{"href":"https:\/\/radiostudiow.com.br\/site\/wp-json\/wp\/v2\/posts"}],"about":[{"href":"https:\/\/radiostudiow.com.br\/site\/wp-json\/wp\/v2\/types\/post"}],"author":[{"embeddable":true,"href":"https:\/\/radiostudiow.com.br\/site\/wp-json\/wp\/v2\/users\/2"}],"replies":[{"embeddable":true,"href":"https:\/\/radiostudiow.com.br\/site\/wp-json\/wp\/v2\/comments?post=35191"}],"version-history":[{"count":1,"href":"https:\/\/radiostudiow.com.br\/site\/wp-json\/wp\/v2\/posts\/35191\/revisions"}],"predecessor-version":[{"id":35195,"href":"https:\/\/radiostudiow.com.br\/site\/wp-json\/wp\/v2\/posts\/35191\/revisions\/35195"}],"wp:featuredmedia":[{"embeddable":true,"href":"https:\/\/radiostudiow.com.br\/site\/wp-json\/wp\/v2\/media\/35192"}],"wp:attachment":[{"href":"https:\/\/radiostudiow.com.br\/site\/wp-json\/wp\/v2\/media?parent=35191"}],"wp:term":[{"taxonomy":"category","embeddable":true,"href":"https:\/\/radiostudiow.com.br\/site\/wp-json\/wp\/v2\/categories?post=35191"},{"taxonomy":"post_tag","embeddable":true,"href":"https:\/\/radiostudiow.com.br\/site\/wp-json\/wp\/v2\/tags?post=35191"}],"curies":[{"name":"wp","href":"https:\/\/api.w.org\/{rel}","templated":true}]}}