{"id":3522,"date":"2021-09-02T10:33:25","date_gmt":"2021-09-02T13:33:25","guid":{"rendered":"https:\/\/radiostudiow.com.br\/site\/?p=3522"},"modified":"2025-01-31T15:12:29","modified_gmt":"2025-01-31T18:12:29","slug":"casa-e-arrombada-e-diversos-objetos-sao-furtados-em-cruz-machado","status":"publish","type":"post","link":"https:\/\/radiostudiow.com.br\/site\/2021\/09\/02\/casa-e-arrombada-e-diversos-objetos-sao-furtados-em-cruz-machado\/","title":{"rendered":"Casa \u00e9 arrombada e diversos objetos s\u00e3o furtados em Cruz Machado"},"content":{"rendered":"\n<p>Um homem compareceu ao Pelot\u00e3o da Pol\u00edcia Militar de Cruz Machado por volta das 15:00 horas dessa quarta \u2013 feira, 01 de setembro, relatando ser v\u00edtimas de furto.<\/p>\n\n\n\n<p>De acordo com o morador de Cohapar, ele se encontrava na cidade de Uni\u00e3o da Vit\u00f3ria no per\u00edodo matutino e quando retornou para casa pr\u00f3ximo \u00e0s 19:00 horas da noite de quarta \u2013 feira, 31 de agosto, percebeu que a janela do quarto estava arrombada.<\/p>\n\n\n\n<p>A v\u00edtima afirma que do interior da resid\u00eancia havia sido subtra\u00eddo v\u00e1rios objetos, um botij\u00e3o de g\u00e1s, um aparelho celular marca Samsung\/J1 de cor preta, um televisor marca Lenox de cor preta 21 polegadas, a chave reserva do seu ve\u00edculo GM\/Celta e seus documentos pessoais.<\/p>\n\n\n\n<p>Diante da situa\u00e7\u00e3o a equipe policial orientou a v\u00edtima quanto aos procedimentos cab\u00edveis.<\/p>\n\n\n\n<figure class=\"wp-block-image size-full\"><img decoding=\"async\" src=\"https:\/\/radiostudiow.com.br\/site\/wp-content\/uploads\/2021\/07\/vem_ai.jpg\" alt=\"\" class=\"wp-image-2861\"\/><\/figure>\n","protected":false},"excerpt":{"rendered":"<p>Um homem compareceu ao Pelot\u00e3o da Pol\u00edcia Militar de Cruz Machado por volta das 15:00 horas dessa quarta \u2013 feira, 01 de setembro, relatando ser v\u00edtimas de furto. De acordo com o morador de Cohapar, ele se encontrava na cidade de Uni\u00e3o da Vit\u00f3ria no per\u00edodo matutino e quando retornou para casa pr\u00f3ximo \u00e0s 19:00 [&hellip;]<\/p>\n","protected":false},"author":2,"featured_media":0,"comment_status":"open","ping_status":"open","sticky":false,"template":"","format":"standard","meta":{"footnotes":""},"categories":[2],"tags":[172],"class_list":["post-3522","post","type-post","status-publish","format-standard","hentry","category-policial","tag-featured"],"amp_enabled":true,"_links":{"self":[{"href":"https:\/\/radiostudiow.com.br\/site\/wp-json\/wp\/v2\/posts\/3522","targetHints":{"allow":["GET"]}}],"collection":[{"href":"https:\/\/radiostudiow.com.br\/site\/wp-json\/wp\/v2\/posts"}],"about":[{"href":"https:\/\/radiostudiow.com.br\/site\/wp-json\/wp\/v2\/types\/post"}],"author":[{"embeddable":true,"href":"https:\/\/radiostudiow.com.br\/site\/wp-json\/wp\/v2\/users\/2"}],"replies":[{"embeddable":true,"href":"https:\/\/radiostudiow.com.br\/site\/wp-json\/wp\/v2\/comments?post=3522"}],"version-history":[{"count":1,"href":"https:\/\/radiostudiow.com.br\/site\/wp-json\/wp\/v2\/posts\/3522\/revisions"}],"predecessor-version":[{"id":3523,"href":"https:\/\/radiostudiow.com.br\/site\/wp-json\/wp\/v2\/posts\/3522\/revisions\/3523"}],"wp:attachment":[{"href":"https:\/\/radiostudiow.com.br\/site\/wp-json\/wp\/v2\/media?parent=3522"}],"wp:term":[{"taxonomy":"category","embeddable":true,"href":"https:\/\/radiostudiow.com.br\/site\/wp-json\/wp\/v2\/categories?post=3522"},{"taxonomy":"post_tag","embeddable":true,"href":"https:\/\/radiostudiow.com.br\/site\/wp-json\/wp\/v2\/tags?post=3522"}],"curies":[{"name":"wp","href":"https:\/\/api.w.org\/{rel}","templated":true}]}}