{"id":35362,"date":"2025-03-11T17:43:51","date_gmt":"2025-03-11T20:43:51","guid":{"rendered":"https:\/\/radiostudiow.com.br\/site\/?p=35362"},"modified":"2025-03-11T17:43:51","modified_gmt":"2025-03-11T20:43:51","slug":"secretaria-da-saude-confirma-2-572-novos-casos-e-seis-obitos-por-dengue-no-parana","status":"publish","type":"post","link":"https:\/\/radiostudiow.com.br\/site\/2025\/03\/11\/secretaria-da-saude-confirma-2-572-novos-casos-e-seis-obitos-por-dengue-no-parana\/","title":{"rendered":"Secretaria da Sa\u00fade confirma 2.572 novos casos e seis \u00f3bitos por dengue no Paran\u00e1"},"content":{"rendered":"\n<p>A Secretaria de Estado da Sa\u00fade (Sesa), por meio da Coordenadoria Estadual de Vigil\u00e2ncia Ambiental, divulgou nesta ter\u00e7a-feira (11) o mais recente informe semanal da dengue. Foram registrados 2.572 novos casos da doen\u00e7a e seis \u00f3bitos. Os dados do novo ano epidemiol\u00f3gico 2025 totalizam agora 56.907 notifica\u00e7\u00f5es, 11.993 diagn\u00f3sticos confirmados e dez \u00f3bitos em decorr\u00eancia da dengue.<\/p>\n\n\n\n<p>At\u00e9 o momento, 383 munic\u00edpios j\u00e1 notificaram casos da doen\u00e7a transmitida pelo mosquito\u00a0Aedes aegypti, sendo que 283 apresentam confirma\u00e7\u00f5es. Os seis \u00f3bitos desta semana ocorreram entre janeiro e fevereiro de 2025.<\/p>\n\n\n\n<figure class=\"wp-block-image size-full\"><img loading=\"lazy\" decoding=\"async\" width=\"598\" height=\"204\" src=\"https:\/\/radiostudiow.com.br\/site\/wp-content\/uploads\/2025\/01\/SITE-MEDIO.png\" alt=\"\" class=\"wp-image-32810\" srcset=\"https:\/\/radiostudiow.com.br\/site\/wp-content\/uploads\/2025\/01\/SITE-MEDIO.png 598w, https:\/\/radiostudiow.com.br\/site\/wp-content\/uploads\/2025\/01\/SITE-MEDIO-300x102.png 300w\" sizes=\"auto, (max-width: 598px) 100vw, 598px\" \/><\/figure>\n\n\n\n<p>Os falecimentos foram registrados em Matinhos (1\u00aa Regional de Sa\u00fade de Paranagu\u00e1), Esperan\u00e7a Nova, Nova Ol\u00edmpia (12\u00aa RS de Umuarama), Itamb\u00e9 e Mandagua\u00e7u (15\u00aa RS de Maring\u00e1) e Primeiro de Maio (17\u00aa RS de Londrina). As v\u00edtimas s\u00e3o tr\u00eas homens e tr\u00eas mulheres, com idades entre 46 e 99 anos, todos com comorbidades.<\/p>\n\n\n\n<p>As Regionais de Sa\u00fade com os maiores n\u00fameros de casos confirmados neste per\u00edodo epidemiol\u00f3gico s\u00e3o de Paranava\u00ed (3.692); Londrina (2.350); Maring\u00e1 (1.103); Umuarama (1.028) e Jacarezinho (631).<\/p>\n\n\n\n<p><strong>OUTRAS ARBOVIROSES&nbsp;\u2013<\/strong>&nbsp;A publica\u00e7\u00e3o traz, ainda, dados sobre Chikungunya e Zika, doen\u00e7as que tamb\u00e9m t\u00eam como vetor o mosquito&nbsp;Aedes aegypti. Foram confirmados 478 casos de Chikungunya, com um total de 1.279 notifica\u00e7\u00f5es da doen\u00e7a no Estado. No que se refere ao Zika V\u00edrus, at\u00e9 o momento foram registradas 23 notifica\u00e7\u00f5es e nenhum caso foi confirmado.<\/p>\n\n\n\n<p>Confira o Informe Semanal completo&nbsp;<a href=\"https:\/\/www.documentador.pr.gov.br\/documentador\/pub.do?action=d&amp;uuid=@gtf-escriba-sesa@8ec798c6-b1aa-40d1-b612-0357c679ff99&amp;emPg=true\" target=\"_blank\" rel=\"noreferrer noopener\"><strong>AQUI<\/strong><\/a>. Mais informa\u00e7\u00f5es sobre a dengue est\u00e3o&nbsp;<a href=\"https:\/\/www.dengue.pr.gov.br\/\" target=\"_blank\" rel=\"noreferrer noopener\"><strong>neste LINK<\/strong><\/a>.<\/p>\n\n\n\n<figure class=\"wp-block-image size-full\"><img loading=\"lazy\" decoding=\"async\" width=\"800\" height=\"720\" src=\"https:\/\/radiostudiow.com.br\/site\/wp-content\/uploads\/2025\/03\/05.jpg\" alt=\"\" class=\"wp-image-35060\" srcset=\"https:\/\/radiostudiow.com.br\/site\/wp-content\/uploads\/2025\/03\/05.jpg 800w, https:\/\/radiostudiow.com.br\/site\/wp-content\/uploads\/2025\/03\/05-300x270.jpg 300w, https:\/\/radiostudiow.com.br\/site\/wp-content\/uploads\/2025\/03\/05-768x691.jpg 768w\" sizes=\"auto, (max-width: 800px) 100vw, 800px\" \/><\/figure>\n","protected":false},"excerpt":{"rendered":"<p>A Secretaria de Estado da Sa\u00fade (Sesa), por meio da Coordenadoria Estadual de Vigil\u00e2ncia Ambiental, divulgou nesta ter\u00e7a-feira (11) o mais recente informe semanal da dengue. Foram registrados 2.572 novos casos da doen\u00e7a e seis \u00f3bitos. Os dados do novo ano epidemiol\u00f3gico 2025 totalizam agora 56.907 notifica\u00e7\u00f5es, 11.993 diagn\u00f3sticos confirmados e dez \u00f3bitos em decorr\u00eancia [&hellip;]<\/p>\n","protected":false},"author":2,"featured_media":33421,"comment_status":"open","ping_status":"open","sticky":false,"template":"","format":"standard","meta":{"footnotes":""},"categories":[182],"tags":[172],"class_list":["post-35362","post","type-post","status-publish","format-standard","has-post-thumbnail","hentry","category-saude","tag-featured"],"amp_enabled":true,"_links":{"self":[{"href":"https:\/\/radiostudiow.com.br\/site\/wp-json\/wp\/v2\/posts\/35362","targetHints":{"allow":["GET"]}}],"collection":[{"href":"https:\/\/radiostudiow.com.br\/site\/wp-json\/wp\/v2\/posts"}],"about":[{"href":"https:\/\/radiostudiow.com.br\/site\/wp-json\/wp\/v2\/types\/post"}],"author":[{"embeddable":true,"href":"https:\/\/radiostudiow.com.br\/site\/wp-json\/wp\/v2\/users\/2"}],"replies":[{"embeddable":true,"href":"https:\/\/radiostudiow.com.br\/site\/wp-json\/wp\/v2\/comments?post=35362"}],"version-history":[{"count":1,"href":"https:\/\/radiostudiow.com.br\/site\/wp-json\/wp\/v2\/posts\/35362\/revisions"}],"predecessor-version":[{"id":35363,"href":"https:\/\/radiostudiow.com.br\/site\/wp-json\/wp\/v2\/posts\/35362\/revisions\/35363"}],"wp:featuredmedia":[{"embeddable":true,"href":"https:\/\/radiostudiow.com.br\/site\/wp-json\/wp\/v2\/media\/33421"}],"wp:attachment":[{"href":"https:\/\/radiostudiow.com.br\/site\/wp-json\/wp\/v2\/media?parent=35362"}],"wp:term":[{"taxonomy":"category","embeddable":true,"href":"https:\/\/radiostudiow.com.br\/site\/wp-json\/wp\/v2\/categories?post=35362"},{"taxonomy":"post_tag","embeddable":true,"href":"https:\/\/radiostudiow.com.br\/site\/wp-json\/wp\/v2\/tags?post=35362"}],"curies":[{"name":"wp","href":"https:\/\/api.w.org\/{rel}","templated":true}]}}