{"id":35382,"date":"2025-03-12T10:49:06","date_gmt":"2025-03-12T13:49:06","guid":{"rendered":"https:\/\/radiostudiow.com.br\/site\/?p=35382"},"modified":"2025-03-12T10:49:06","modified_gmt":"2025-03-12T13:49:06","slug":"policia-militar-auxilia-mae-no-resgate-de-seu-filho-em-uniao-da-vitoria","status":"publish","type":"post","link":"https:\/\/radiostudiow.com.br\/site\/2025\/03\/12\/policia-militar-auxilia-mae-no-resgate-de-seu-filho-em-uniao-da-vitoria\/","title":{"rendered":"Pol\u00edcia Militar auxilia m\u00e3e no resgate de seu filho em Uni\u00e3o da Vit\u00f3ria"},"content":{"rendered":"\n<p>A equipe da Pol\u00edcia Militar de Uni\u00e3o da Vit\u00f3ria foi abordada por uma m\u00e3e, muito nervosa, relatando que estacionou seu ve\u00edculo e, ao desembarcar, deixou as chaves dentro do carro, o que fez com que as portas e vidros travassem com seu filho no banco traseiro.<\/p>\n\n\n\n<p>Ao chegar, a equipe constatou que o beb\u00ea estava chorando bastante. A situa\u00e7\u00e3o foi registrado por volta das 11h15min dessa ter\u00e7a-feira, 11 de mar\u00e7o, na \u00e1rea central da cidade. <\/p>\n\n\n\n<figure class=\"wp-block-image size-full\"><img loading=\"lazy\" decoding=\"async\" width=\"897\" height=\"204\" src=\"https:\/\/radiostudiow.com.br\/site\/wp-content\/uploads\/2025\/01\/SITE-GRANDE2.png\" alt=\"\" class=\"wp-image-32805\" srcset=\"https:\/\/radiostudiow.com.br\/site\/wp-content\/uploads\/2025\/01\/SITE-GRANDE2.png 897w, https:\/\/radiostudiow.com.br\/site\/wp-content\/uploads\/2025\/01\/SITE-GRANDE2-300x68.png 300w, https:\/\/radiostudiow.com.br\/site\/wp-content\/uploads\/2025\/01\/SITE-GRANDE2-768x175.png 768w\" sizes=\"auto, (max-width: 897px) 100vw, 897px\" \/><\/figure>\n\n\n\n<p>Com a autoriza\u00e7\u00e3o da propriet\u00e1ria do ve\u00edculo, a equipe quebrou o vidro do lado do motorista, destravou as portas e retirou a crian\u00e7a, que estava sem les\u00f5es e em perfeito estado. Ap\u00f3s a retirada, o beb\u00ea foi entregue \u00e0 m\u00e3e, que j\u00e1 estava mais calma.<\/p>\n\n\n\n<p>Foi oferecida a op\u00e7\u00e3o de acionar o SAMU, mas como a crian\u00e7a estava tranquila e bem, n\u00e3o foi necess\u00e1rio.<\/p>\n","protected":false},"excerpt":{"rendered":"<p>A equipe da Pol\u00edcia Militar de Uni\u00e3o da Vit\u00f3ria foi abordada por uma m\u00e3e, muito nervosa, relatando que estacionou seu ve\u00edculo e, ao desembarcar, deixou as chaves dentro do carro, o que fez com que as portas e vidros travassem com seu filho no banco traseiro. Ao chegar, a equipe constatou que o beb\u00ea estava [&hellip;]<\/p>\n","protected":false},"author":2,"featured_media":35383,"comment_status":"open","ping_status":"open","sticky":false,"template":"","format":"standard","meta":{"footnotes":""},"categories":[2],"tags":[172],"class_list":["post-35382","post","type-post","status-publish","format-standard","has-post-thumbnail","hentry","category-policial","tag-featured"],"amp_enabled":true,"_links":{"self":[{"href":"https:\/\/radiostudiow.com.br\/site\/wp-json\/wp\/v2\/posts\/35382","targetHints":{"allow":["GET"]}}],"collection":[{"href":"https:\/\/radiostudiow.com.br\/site\/wp-json\/wp\/v2\/posts"}],"about":[{"href":"https:\/\/radiostudiow.com.br\/site\/wp-json\/wp\/v2\/types\/post"}],"author":[{"embeddable":true,"href":"https:\/\/radiostudiow.com.br\/site\/wp-json\/wp\/v2\/users\/2"}],"replies":[{"embeddable":true,"href":"https:\/\/radiostudiow.com.br\/site\/wp-json\/wp\/v2\/comments?post=35382"}],"version-history":[{"count":1,"href":"https:\/\/radiostudiow.com.br\/site\/wp-json\/wp\/v2\/posts\/35382\/revisions"}],"predecessor-version":[{"id":35384,"href":"https:\/\/radiostudiow.com.br\/site\/wp-json\/wp\/v2\/posts\/35382\/revisions\/35384"}],"wp:featuredmedia":[{"embeddable":true,"href":"https:\/\/radiostudiow.com.br\/site\/wp-json\/wp\/v2\/media\/35383"}],"wp:attachment":[{"href":"https:\/\/radiostudiow.com.br\/site\/wp-json\/wp\/v2\/media?parent=35382"}],"wp:term":[{"taxonomy":"category","embeddable":true,"href":"https:\/\/radiostudiow.com.br\/site\/wp-json\/wp\/v2\/categories?post=35382"},{"taxonomy":"post_tag","embeddable":true,"href":"https:\/\/radiostudiow.com.br\/site\/wp-json\/wp\/v2\/tags?post=35382"}],"curies":[{"name":"wp","href":"https:\/\/api.w.org\/{rel}","templated":true}]}}