{"id":35440,"date":"2025-03-13T09:20:04","date_gmt":"2025-03-13T12:20:04","guid":{"rendered":"https:\/\/radiostudiow.com.br\/site\/?p=35440"},"modified":"2025-03-13T09:20:05","modified_gmt":"2025-03-13T12:20:05","slug":"incendio-atingiu-fabrica-de-pes-para-moveis-em-mallet-brigadistas-controlaram-as-chamas","status":"publish","type":"post","link":"https:\/\/radiostudiow.com.br\/site\/2025\/03\/13\/incendio-atingiu-fabrica-de-pes-para-moveis-em-mallet-brigadistas-controlaram-as-chamas\/","title":{"rendered":"Inc\u00eandio atingiu f\u00e1brica de p\u00e9s para m\u00f3veis em Mallet; Brigadistas controlaram as chamas"},"content":{"rendered":"\n<p><\/p>\n\n\n\n<p>Na noite desta quarta-feira (12), por volta das 20h40, um inc\u00eandio ocorreu em um silo de serragem em uma f\u00e1brica de p\u00e9s para m\u00f3veis localizada na BR-153, km 386, na Col\u00f4nia Ronda, no munic\u00edpio de Mallet.<\/p>\n\n\n\n<p>Os Brigadistas Comunit\u00e1rios foram acionados e chegaram rapidamente ao local, conseguindo conter as chamas antes que se espalhassem para outras \u00e1reas da edifica\u00e7\u00e3o.<\/p>\n\n\n\n<p>O fogo foi controlado e n\u00e3o houvesse v\u00edtimas.<\/p>\n\n\n\n<p>As causas do inc\u00eandio ainda n\u00e3o foram divulgadas.<\/p>\n\n\n\n<figure class=\"wp-block-image size-full\"><img loading=\"lazy\" decoding=\"async\" width=\"897\" height=\"204\" src=\"https:\/\/radiostudiow.com.br\/site\/wp-content\/uploads\/2025\/02\/SITE-GRANDE7.png\" alt=\"\" class=\"wp-image-33861\" srcset=\"https:\/\/radiostudiow.com.br\/site\/wp-content\/uploads\/2025\/02\/SITE-GRANDE7.png 897w, https:\/\/radiostudiow.com.br\/site\/wp-content\/uploads\/2025\/02\/SITE-GRANDE7-300x68.png 300w, https:\/\/radiostudiow.com.br\/site\/wp-content\/uploads\/2025\/02\/SITE-GRANDE7-768x175.png 768w\" sizes=\"auto, (max-width: 897px) 100vw, 897px\" \/><\/figure>\n","protected":false},"excerpt":{"rendered":"<p>Na noite desta quarta-feira (12), por volta das 20h40, um inc\u00eandio ocorreu em um silo de serragem em uma f\u00e1brica de p\u00e9s para m\u00f3veis localizada na BR-153, km 386, na Col\u00f4nia Ronda, no munic\u00edpio de Mallet. Os Brigadistas Comunit\u00e1rios foram acionados e chegaram rapidamente ao local, conseguindo conter as chamas antes que se espalhassem para [&hellip;]<\/p>\n","protected":false},"author":2,"featured_media":35441,"comment_status":"open","ping_status":"open","sticky":false,"template":"","format":"standard","meta":{"footnotes":""},"categories":[184],"tags":[172],"class_list":["post-35440","post","type-post","status-publish","format-standard","has-post-thumbnail","hentry","category-local","tag-featured"],"amp_enabled":true,"_links":{"self":[{"href":"https:\/\/radiostudiow.com.br\/site\/wp-json\/wp\/v2\/posts\/35440","targetHints":{"allow":["GET"]}}],"collection":[{"href":"https:\/\/radiostudiow.com.br\/site\/wp-json\/wp\/v2\/posts"}],"about":[{"href":"https:\/\/radiostudiow.com.br\/site\/wp-json\/wp\/v2\/types\/post"}],"author":[{"embeddable":true,"href":"https:\/\/radiostudiow.com.br\/site\/wp-json\/wp\/v2\/users\/2"}],"replies":[{"embeddable":true,"href":"https:\/\/radiostudiow.com.br\/site\/wp-json\/wp\/v2\/comments?post=35440"}],"version-history":[{"count":1,"href":"https:\/\/radiostudiow.com.br\/site\/wp-json\/wp\/v2\/posts\/35440\/revisions"}],"predecessor-version":[{"id":35442,"href":"https:\/\/radiostudiow.com.br\/site\/wp-json\/wp\/v2\/posts\/35440\/revisions\/35442"}],"wp:featuredmedia":[{"embeddable":true,"href":"https:\/\/radiostudiow.com.br\/site\/wp-json\/wp\/v2\/media\/35441"}],"wp:attachment":[{"href":"https:\/\/radiostudiow.com.br\/site\/wp-json\/wp\/v2\/media?parent=35440"}],"wp:term":[{"taxonomy":"category","embeddable":true,"href":"https:\/\/radiostudiow.com.br\/site\/wp-json\/wp\/v2\/categories?post=35440"},{"taxonomy":"post_tag","embeddable":true,"href":"https:\/\/radiostudiow.com.br\/site\/wp-json\/wp\/v2\/tags?post=35440"}],"curies":[{"name":"wp","href":"https:\/\/api.w.org\/{rel}","templated":true}]}}