{"id":35516,"date":"2025-03-15T09:24:32","date_gmt":"2025-03-15T12:24:32","guid":{"rendered":"https:\/\/radiostudiow.com.br\/site\/?p=35516"},"modified":"2025-03-15T09:24:32","modified_gmt":"2025-03-15T12:24:32","slug":"governo-anuncia-construcao-de-areas-de-escape-na-serra-dona-francisca","status":"publish","type":"post","link":"https:\/\/radiostudiow.com.br\/site\/2025\/03\/15\/governo-anuncia-construcao-de-areas-de-escape-na-serra-dona-francisca\/","title":{"rendered":"Governo anuncia constru\u00e7\u00e3o de \u00e1reas de escape na Serra Dona Francisca"},"content":{"rendered":"\n<p>O Governo de Santa Catarina anunciou nesta sexta-feira (14) a constru\u00e7\u00e3o de duas \u00e1reas de escape na&nbsp;<strong>Serra Dona Francisca<\/strong>, trecho da SC-418 localizado na regi\u00e3o de Joinville. O comunicado foi feito pelo governador Jorginho Mello e pelo secret\u00e1rio adjunto da Infraestrutura, Ricardo Grando, durante o evento \u201cSanta Catarina Levada a S\u00e9rio \u2013 Prestando Contas\u201d.<\/p>\n\n\n\n<p>De acordo com Mello, a iniciativa faz parte do Programa Estrada Boa, que visa a recupera\u00e7\u00e3o e revitaliza\u00e7\u00e3o das rodovias estaduais.<\/p>\n\n\n\n<blockquote class=\"wp-block-quote is-layout-flow wp-block-quote-is-layout-flow\">\n<p>\u201cEstamos investindo para entregar estradas restauradas e mais seguras. A Serra Dona Francisca ter\u00e1 uma melhoria aguardada h\u00e1 anos pelos motoristas\u201d, afirmou o governador.<\/p>\n<\/blockquote>\n\n\n\n<figure class=\"wp-block-image size-full\"><img loading=\"lazy\" decoding=\"async\" width=\"598\" height=\"204\" src=\"https:\/\/radiostudiow.com.br\/site\/wp-content\/uploads\/2025\/01\/SITE-MEDIO3.png\" alt=\"\" class=\"wp-image-32815\" srcset=\"https:\/\/radiostudiow.com.br\/site\/wp-content\/uploads\/2025\/01\/SITE-MEDIO3.png 598w, https:\/\/radiostudiow.com.br\/site\/wp-content\/uploads\/2025\/01\/SITE-MEDIO3-300x102.png 300w\" sizes=\"auto, (max-width: 598px) 100vw, 598px\" \/><\/figure>\n\n\n\n<h3 class=\"wp-block-heading\">Investimento de R$ 35 milh\u00f5es<\/h3>\n\n\n\n<p>O projeto das duas \u00e1reas de escape foi desmembrado de um plano maior para acelerar as obras. Segundo o secret\u00e1rio da Infraestrutura e Mobilidade, Jerry Comper, o investimento estimado \u00e9 de aproximadamente R$ 35 milh\u00f5es, com as constru\u00e7\u00f5es localizadas nos KMs 15,3 e 17,4 da SC-418.<\/p>\n\n\n\n<blockquote class=\"wp-block-quote is-layout-flow wp-block-quote-is-layout-flow\">\n<p>\u201cA seguran\u00e7a \u00e9 prioridade do Programa Estrada Boa. J\u00e1 estamos atuando em diversas frentes na Serra e vamos continuar avan\u00e7ando sob orienta\u00e7\u00e3o do governador\u201d, destacou Comper.<\/p>\n<\/blockquote>\n\n\n\n<h3 class=\"wp-block-heading\">Novo edital para contrata\u00e7\u00e3o<\/h3>\n\n\n\n<p>A Secretaria da Infraestrutura e Mobilidade (SIE) lan\u00e7ar\u00e1 na pr\u00f3xima segunda-feira (17) o edital para contratar a empresa respons\u00e1vel pela constru\u00e7\u00e3o das \u00e1reas de escape. O processo ficar\u00e1 aberto por cinco dias \u00fateis. Como os dois certames anteriores n\u00e3o tiveram empresas interessadas, a legisla\u00e7\u00e3o permite a dispensa de licita\u00e7\u00e3o, mantendo as condi\u00e7\u00f5es definidas no edital original.<\/p>\n\n\n\n<blockquote class=\"wp-block-quote is-layout-flow wp-block-quote-is-layout-flow\">\n<p>\u201cAgora temos a expectativa de que o processo seja conclu\u00eddo com sucesso e possamos iniciar as obras\u201d, afirmou Ricardo Grando.<\/p>\n<\/blockquote>\n\n\n\n<figure class=\"wp-block-image size-full\"><img decoding=\"async\" src=\"https:\/\/radiostudiow.com.br\/site\/wp-content\/uploads\/2025\/03\/SITE-E-TV.png\" alt=\"\" class=\"wp-image-35098\"\/><\/figure>\n\n\n\n<h3 class=\"wp-block-heading\">Manuten\u00e7\u00e3o e melhorias na Serra Dona Francisca<\/h3>\n\n\n\n<p>Al\u00e9m da constru\u00e7\u00e3o das \u00e1reas de escape, a SIE tem realizado uma s\u00e9rie de a\u00e7\u00f5es para aprimorar a seguran\u00e7a e a infraestrutura da SC-418. Entre as principais melhorias desde 2023, est\u00e3o:<\/p>\n\n\n\n<ul class=\"wp-block-list\">\n<li>Implanta\u00e7\u00e3o de defensas met\u00e1licas;<\/li>\n\n\n\n<li>Reconstru\u00e7\u00e3o de aterros de prote\u00e7\u00e3o e laterais de pista;<\/li>\n\n\n\n<li>Pinturas e sinaliza\u00e7\u00f5es, incluindo travessias elevadas e placas de sonoriza\u00e7\u00e3o;<\/li>\n\n\n\n<li>Instala\u00e7\u00e3o de tachas refletivas e faixas com efeito sonoro;<\/li>\n\n\n\n<li>Manuten\u00e7\u00e3o de drenagem, taludes e acostamentos;<\/li>\n\n\n\n<li>Tapa-buracos e repavimenta\u00e7\u00e3o em diversos pontos;<\/li>\n\n\n\n<li>Limpeza e pintura de abrigos de passageiros.<\/li>\n<\/ul>\n\n\n\n<h3 class=\"wp-block-heading\">Refor\u00e7o na seguran\u00e7a vi\u00e1ria<\/h3>\n\n\n\n<p>A necessidade de \u00e1reas de escape na SC-418 ganhou ainda mais urg\u00eancia ap\u00f3s um acidente em janeiro de 2023, quando um caminh\u00e3o carregado de \u00e1cido sulf\u00f4nico tombou na Serra, comprometendo o abastecimento de \u00e1gua em Joinville por um dia.<\/p>\n\n\n\n<p>Com o avan\u00e7o do Programa Estrada Boa, o Governo do Estado refor\u00e7a seu compromisso com a seguran\u00e7a vi\u00e1ria e a melhoria da infraestrutura rodovi\u00e1ria em Santa Catarina.<\/p>\n\n\n\n<p><\/p>\n","protected":false},"excerpt":{"rendered":"<p>O Governo de Santa Catarina anunciou nesta sexta-feira (14) a constru\u00e7\u00e3o de duas \u00e1reas de escape na&nbsp;Serra Dona Francisca, trecho da SC-418 localizado na regi\u00e3o de Joinville. O comunicado foi feito pelo governador Jorginho Mello e pelo secret\u00e1rio adjunto da Infraestrutura, Ricardo Grando, durante o evento \u201cSanta Catarina Levada a S\u00e9rio \u2013 Prestando Contas\u201d. De [&hellip;]<\/p>\n","protected":false},"author":2,"featured_media":35518,"comment_status":"open","ping_status":"open","sticky":false,"template":"","format":"standard","meta":{"footnotes":""},"categories":[7],"tags":[172],"class_list":["post-35516","post","type-post","status-publish","format-standard","has-post-thumbnail","hentry","category-geral","tag-featured"],"amp_enabled":true,"_links":{"self":[{"href":"https:\/\/radiostudiow.com.br\/site\/wp-json\/wp\/v2\/posts\/35516","targetHints":{"allow":["GET"]}}],"collection":[{"href":"https:\/\/radiostudiow.com.br\/site\/wp-json\/wp\/v2\/posts"}],"about":[{"href":"https:\/\/radiostudiow.com.br\/site\/wp-json\/wp\/v2\/types\/post"}],"author":[{"embeddable":true,"href":"https:\/\/radiostudiow.com.br\/site\/wp-json\/wp\/v2\/users\/2"}],"replies":[{"embeddable":true,"href":"https:\/\/radiostudiow.com.br\/site\/wp-json\/wp\/v2\/comments?post=35516"}],"version-history":[{"count":2,"href":"https:\/\/radiostudiow.com.br\/site\/wp-json\/wp\/v2\/posts\/35516\/revisions"}],"predecessor-version":[{"id":35520,"href":"https:\/\/radiostudiow.com.br\/site\/wp-json\/wp\/v2\/posts\/35516\/revisions\/35520"}],"wp:featuredmedia":[{"embeddable":true,"href":"https:\/\/radiostudiow.com.br\/site\/wp-json\/wp\/v2\/media\/35518"}],"wp:attachment":[{"href":"https:\/\/radiostudiow.com.br\/site\/wp-json\/wp\/v2\/media?parent=35516"}],"wp:term":[{"taxonomy":"category","embeddable":true,"href":"https:\/\/radiostudiow.com.br\/site\/wp-json\/wp\/v2\/categories?post=35516"},{"taxonomy":"post_tag","embeddable":true,"href":"https:\/\/radiostudiow.com.br\/site\/wp-json\/wp\/v2\/tags?post=35516"}],"curies":[{"name":"wp","href":"https:\/\/api.w.org\/{rel}","templated":true}]}}