{"id":35564,"date":"2025-03-17T09:37:27","date_gmt":"2025-03-17T12:37:27","guid":{"rendered":"https:\/\/radiostudiow.com.br\/site\/?p=35564"},"modified":"2025-03-17T09:40:08","modified_gmt":"2025-03-17T12:40:08","slug":"paranaense-de-123-anos-pode-ser-o-homem-mais-velho-do-mundo","status":"publish","type":"post","link":"https:\/\/radiostudiow.com.br\/site\/2025\/03\/17\/paranaense-de-123-anos-pode-ser-o-homem-mais-velho-do-mundo\/","title":{"rendered":"PARANAENSE DE 123 ANOS PODE SER O HOMEM MAIS VELHO DO MUNDO"},"content":{"rendered":"\n<p><\/p>\n\n\n\n<p>O documento mostra que ele nasceu em 1902, em Mangueirinha, Centro-Sul do Paran\u00e1. Sebasti\u00e3o \u00e9 vi\u00favo e pai de nove filhos, dois j\u00e1 falecidos.<\/p>\n\n\n\n<p>Um morador de Coronel Vivida, no sudoeste do Paran\u00e1, pode ser o homem mais velho do mundo de todos os tempos.<\/p>\n\n\n\n<p>Sebasti\u00e3o Batista dos Santos completou nesse s\u00e1bado (15), 123 anos e de presente ganhou uma festa com a presen\u00e7a de familiares e amigos.<\/p>\n\n\n\n<p><\/p>\n\n\n\n<figure class=\"wp-block-image size-full\"><img loading=\"lazy\" decoding=\"async\" width=\"598\" height=\"204\" src=\"https:\/\/radiostudiow.com.br\/site\/wp-content\/uploads\/2025\/01\/SITE-MEDIO7.png\" alt=\"\" class=\"wp-image-32801\" srcset=\"https:\/\/radiostudiow.com.br\/site\/wp-content\/uploads\/2025\/01\/SITE-MEDIO7.png 598w, https:\/\/radiostudiow.com.br\/site\/wp-content\/uploads\/2025\/01\/SITE-MEDIO7-300x102.png 300w\" sizes=\"auto, (max-width: 598px) 100vw, 598px\" \/><\/figure>\n\n\n\n<p>Mesmo com 123 anos, Sebasti\u00e3o n\u00e3o aparece nas listas de pessoas mais velhas do mundo do Guinness World Records e LongeviQuest.<\/p>\n\n\n\n<p>Atualmente o dono do t\u00edtulo de homem mais velho do mundo \u00e9 do cearense Jo\u00e3o Marinho Neto, de 112 anos, que entrou no ranking do Guinness World Records em 2024. O marco aconteceu ap\u00f3s a morte do brit\u00e2nico John Tinniswood, que tinha 112 anos.<\/p>\n\n\n\n<p>Caso Sebasti\u00e3o ingresse na lista, poder\u00e1 ser considerado oficialmente o homem mais velho do mundo de todos os tempos.<\/p>\n\n\n\n<p>Texto e foto: reprodu\u00e7\u00e3o\/TN Online, com edi\u00e7\u00e3o NH Not\u00edcias<\/p>\n\n\n\n<p>Informa\u00e7\u00f5es Portal NH Not\u00edcias e KIKO DE OLIVEIRA NOT\u00cdCIAS<\/p>\n\n\n\n<figure class=\"wp-block-image size-full\"><img loading=\"lazy\" decoding=\"async\" width=\"897\" height=\"204\" src=\"https:\/\/radiostudiow.com.br\/site\/wp-content\/uploads\/2025\/01\/SITE-GRANDE3.png\" alt=\"\" class=\"wp-image-32900\" srcset=\"https:\/\/radiostudiow.com.br\/site\/wp-content\/uploads\/2025\/01\/SITE-GRANDE3.png 897w, https:\/\/radiostudiow.com.br\/site\/wp-content\/uploads\/2025\/01\/SITE-GRANDE3-300x68.png 300w, https:\/\/radiostudiow.com.br\/site\/wp-content\/uploads\/2025\/01\/SITE-GRANDE3-768x175.png 768w\" sizes=\"auto, (max-width: 897px) 100vw, 897px\" \/><\/figure>\n","protected":false},"excerpt":{"rendered":"<p>O documento mostra que ele nasceu em 1902, em Mangueirinha, Centro-Sul do Paran\u00e1. Sebasti\u00e3o \u00e9 vi\u00favo e pai de nove filhos, dois j\u00e1 falecidos. Um morador de Coronel Vivida, no sudoeste do Paran\u00e1, pode ser o homem mais velho do mundo de todos os tempos. Sebasti\u00e3o Batista dos Santos completou nesse s\u00e1bado (15), 123 anos [&hellip;]<\/p>\n","protected":false},"author":2,"featured_media":35565,"comment_status":"open","ping_status":"open","sticky":false,"template":"","format":"standard","meta":{"footnotes":""},"categories":[7],"tags":[172],"class_list":["post-35564","post","type-post","status-publish","format-standard","has-post-thumbnail","hentry","category-geral","tag-featured"],"amp_enabled":true,"_links":{"self":[{"href":"https:\/\/radiostudiow.com.br\/site\/wp-json\/wp\/v2\/posts\/35564","targetHints":{"allow":["GET"]}}],"collection":[{"href":"https:\/\/radiostudiow.com.br\/site\/wp-json\/wp\/v2\/posts"}],"about":[{"href":"https:\/\/radiostudiow.com.br\/site\/wp-json\/wp\/v2\/types\/post"}],"author":[{"embeddable":true,"href":"https:\/\/radiostudiow.com.br\/site\/wp-json\/wp\/v2\/users\/2"}],"replies":[{"embeddable":true,"href":"https:\/\/radiostudiow.com.br\/site\/wp-json\/wp\/v2\/comments?post=35564"}],"version-history":[{"count":2,"href":"https:\/\/radiostudiow.com.br\/site\/wp-json\/wp\/v2\/posts\/35564\/revisions"}],"predecessor-version":[{"id":35567,"href":"https:\/\/radiostudiow.com.br\/site\/wp-json\/wp\/v2\/posts\/35564\/revisions\/35567"}],"wp:featuredmedia":[{"embeddable":true,"href":"https:\/\/radiostudiow.com.br\/site\/wp-json\/wp\/v2\/media\/35565"}],"wp:attachment":[{"href":"https:\/\/radiostudiow.com.br\/site\/wp-json\/wp\/v2\/media?parent=35564"}],"wp:term":[{"taxonomy":"category","embeddable":true,"href":"https:\/\/radiostudiow.com.br\/site\/wp-json\/wp\/v2\/categories?post=35564"},{"taxonomy":"post_tag","embeddable":true,"href":"https:\/\/radiostudiow.com.br\/site\/wp-json\/wp\/v2\/tags?post=35564"}],"curies":[{"name":"wp","href":"https:\/\/api.w.org\/{rel}","templated":true}]}}