{"id":35585,"date":"2025-03-17T15:57:02","date_gmt":"2025-03-17T18:57:02","guid":{"rendered":"https:\/\/radiostudiow.com.br\/site\/?p=35585"},"modified":"2025-03-17T15:57:02","modified_gmt":"2025-03-17T18:57:02","slug":"homicidio-em-palmeira-homem-morre-apos-tentar-defender-o-filho-de-agressao","status":"publish","type":"post","link":"https:\/\/radiostudiow.com.br\/site\/2025\/03\/17\/homicidio-em-palmeira-homem-morre-apos-tentar-defender-o-filho-de-agressao\/","title":{"rendered":"Homic\u00eddio em Palmeira: Homem morre ap\u00f3s tentar defender o filho de agress\u00e3o"},"content":{"rendered":"\n<p><\/p>\n\n\n\n<p>A Pol\u00edcia Civil de Palmeira investiga um homic\u00eddio ocorrido na tarde de domingo (16), na cidade de Palmeira. <\/p>\n\n\n\n<p>O caso foi registrado por c\u00e2meras de seguran\u00e7a e mostra o momento em que um jovem de 22 anos \u00e9 atacado por um indiv\u00edduo, resultando em agress\u00f5es e ferimentos.<\/p>\n\n\n\n<p>Durante a confus\u00e3o, o pai do jovem, identificado como Jovildo Guedes de Carvalho, de 51 anos, tentou intervir para defender o filho, mas acabou sendo alvejado por um disparo de arma de fogo..<\/p>\n\n\n\n<figure class=\"wp-block-image size-full\"><img loading=\"lazy\" decoding=\"async\" width=\"478\" height=\"301\" src=\"https:\/\/radiostudiow.com.br\/site\/wp-content\/uploads\/2025\/03\/morte-palmeira.jpg\" alt=\"\" class=\"wp-image-35586\" srcset=\"https:\/\/radiostudiow.com.br\/site\/wp-content\/uploads\/2025\/03\/morte-palmeira.jpg 478w, https:\/\/radiostudiow.com.br\/site\/wp-content\/uploads\/2025\/03\/morte-palmeira-300x189.jpg 300w\" sizes=\"auto, (max-width: 478px) 100vw, 478px\" \/><\/figure>\n\n\n\n<p> O suspeito fugiu logo ap\u00f3s o tiro.<\/p>\n\n\n\n<p><\/p>\n\n\n\n<figure class=\"wp-block-image size-full\"><img loading=\"lazy\" decoding=\"async\" width=\"897\" height=\"204\" src=\"https:\/\/radiostudiow.com.br\/site\/wp-content\/uploads\/2025\/02\/SITE-GRANDE7.png\" alt=\"\" class=\"wp-image-33861\" srcset=\"https:\/\/radiostudiow.com.br\/site\/wp-content\/uploads\/2025\/02\/SITE-GRANDE7.png 897w, https:\/\/radiostudiow.com.br\/site\/wp-content\/uploads\/2025\/02\/SITE-GRANDE7-300x68.png 300w, https:\/\/radiostudiow.com.br\/site\/wp-content\/uploads\/2025\/02\/SITE-GRANDE7-768x175.png 768w\" sizes=\"auto, (max-width: 897px) 100vw, 897px\" \/><\/figure>\n\n\n\n<p><\/p>\n\n\n\n<p>Equipes de resgate do SIATE foram acionadas, mas Jovildo n\u00e3o resistiu aos ferimentos e morreu durante o atendimento. <\/p>\n\n\n\n<figure class=\"wp-block-image size-full\"><img loading=\"lazy\" decoding=\"async\" width=\"348\" height=\"478\" src=\"https:\/\/radiostudiow.com.br\/site\/wp-content\/uploads\/2025\/03\/vitima-palmeira.jpg\" alt=\"\" class=\"wp-image-35587\" srcset=\"https:\/\/radiostudiow.com.br\/site\/wp-content\/uploads\/2025\/03\/vitima-palmeira.jpg 348w, https:\/\/radiostudiow.com.br\/site\/wp-content\/uploads\/2025\/03\/vitima-palmeira-218x300.jpg 218w\" sizes=\"auto, (max-width: 348px) 100vw, 348px\" \/><\/figure>\n\n\n\n<p><strong>V\u00edtima<\/strong> <strong>Jovildo Guedes de Carvalho, de 51 anos<\/strong><\/p>\n\n\n\n<p>Seu filho, identificado pelas iniciais R.A.D.C., sofreu ferimentos moderados e foi encaminhado para atendimento hospitalar.<\/p>\n\n\n\n<p>A Pol\u00edcia Civil, em uma a\u00e7\u00e3o conjunta com a Pol\u00edcia Militar, identificou o suspeito e d\u00e1 continuidade \u00e0s investiga\u00e7\u00f5es. Durante esta segunda-feira (17), ser\u00e3o realizadas oitivas para apurar as circunst\u00e2ncias e motiva\u00e7\u00e3o do crime.<\/p>\n\n\n\n<p>A Pol\u00edcia Civil informou que, assim que houver novas informa\u00e7\u00f5es sobre o caso, elas ser\u00e3o repassadas \u00e0 imprensa.<\/p>\n\n\n\n<figure class=\"wp-block-image size-full\"><img decoding=\"async\" src=\"https:\/\/radiostudiow.com.br\/site\/wp-content\/uploads\/2025\/03\/WhatsApp-Image-2025-03-17-at-11.55.02.jpeg\" alt=\"\" class=\"wp-image-35578\"\/><\/figure>\n\n\n\n<p><\/p>\n\n\n\n<p>VEJA AS IMAGENS DA C\u00c2MARA DE SEGURAN\u00c7A QUE CIRCULAM PELAS REDES SOCIAIS<\/p>\n\n\n\n<p><\/p>\n\n\n\n<figure class=\"wp-block-video\"><video height=\"480\" style=\"aspect-ratio: 854 \/ 480;\" width=\"854\" controls src=\"https:\/\/radiostudiow.com.br\/site\/wp-content\/uploads\/2025\/03\/PALMEIRA.mp4\"><\/video><\/figure>\n","protected":false},"excerpt":{"rendered":"<p>A Pol\u00edcia Civil de Palmeira investiga um homic\u00eddio ocorrido na tarde de domingo (16), na cidade de Palmeira. O caso foi registrado por c\u00e2meras de seguran\u00e7a e mostra o momento em que um jovem de 22 anos \u00e9 atacado por um indiv\u00edduo, resultando em agress\u00f5es e ferimentos. Durante a confus\u00e3o, o pai do jovem, identificado [&hellip;]<\/p>\n","protected":false},"author":2,"featured_media":35589,"comment_status":"open","ping_status":"open","sticky":false,"template":"","format":"standard","meta":{"footnotes":""},"categories":[7],"tags":[172],"class_list":["post-35585","post","type-post","status-publish","format-standard","has-post-thumbnail","hentry","category-geral","tag-featured"],"amp_enabled":true,"_links":{"self":[{"href":"https:\/\/radiostudiow.com.br\/site\/wp-json\/wp\/v2\/posts\/35585","targetHints":{"allow":["GET"]}}],"collection":[{"href":"https:\/\/radiostudiow.com.br\/site\/wp-json\/wp\/v2\/posts"}],"about":[{"href":"https:\/\/radiostudiow.com.br\/site\/wp-json\/wp\/v2\/types\/post"}],"author":[{"embeddable":true,"href":"https:\/\/radiostudiow.com.br\/site\/wp-json\/wp\/v2\/users\/2"}],"replies":[{"embeddable":true,"href":"https:\/\/radiostudiow.com.br\/site\/wp-json\/wp\/v2\/comments?post=35585"}],"version-history":[{"count":1,"href":"https:\/\/radiostudiow.com.br\/site\/wp-json\/wp\/v2\/posts\/35585\/revisions"}],"predecessor-version":[{"id":35590,"href":"https:\/\/radiostudiow.com.br\/site\/wp-json\/wp\/v2\/posts\/35585\/revisions\/35590"}],"wp:featuredmedia":[{"embeddable":true,"href":"https:\/\/radiostudiow.com.br\/site\/wp-json\/wp\/v2\/media\/35589"}],"wp:attachment":[{"href":"https:\/\/radiostudiow.com.br\/site\/wp-json\/wp\/v2\/media?parent=35585"}],"wp:term":[{"taxonomy":"category","embeddable":true,"href":"https:\/\/radiostudiow.com.br\/site\/wp-json\/wp\/v2\/categories?post=35585"},{"taxonomy":"post_tag","embeddable":true,"href":"https:\/\/radiostudiow.com.br\/site\/wp-json\/wp\/v2\/tags?post=35585"}],"curies":[{"name":"wp","href":"https:\/\/api.w.org\/{rel}","templated":true}]}}