{"id":35592,"date":"2025-03-17T16:40:57","date_gmt":"2025-03-17T19:40:57","guid":{"rendered":"https:\/\/radiostudiow.com.br\/site\/?p=35592"},"modified":"2025-03-17T16:40:57","modified_gmt":"2025-03-17T19:40:57","slug":"homem-e-resgatado-com-vida-apos-cair-no-rio-iguacu-em-porto-vitoria","status":"publish","type":"post","link":"https:\/\/radiostudiow.com.br\/site\/2025\/03\/17\/homem-e-resgatado-com-vida-apos-cair-no-rio-iguacu-em-porto-vitoria\/","title":{"rendered":"Homem \u00e9 resgatado com vida ap\u00f3s cair no Rio Igua\u00e7u, em Porto Vit\u00f3ria"},"content":{"rendered":"\n<p><\/p>\n\n\n\n<p>Na tarde desta segunda-feira (17), um homem foi resgatado com vida ap\u00f3s cair nas \u00e1guas do Rio Igua\u00e7u, pr\u00f3ximo \u00e0s corredeiras, em Porto Vit\u00f3ria.<\/p>\n\n\n\n<p> O salvamento foi realizado pelo Corpo de Bombeiros de Uni\u00e3o da Vit\u00f3ria, que foi acionado rapidamente para atender a ocorr\u00eancia.<\/p>\n\n\n\n<p>As primeiras informa\u00e7\u00f5es apontavam que um rapaz havia ca\u00eddo na \u00e1rea abaixo da balsa, onde o rio apresenta forte correnteza. <\/p>\n\n\n\n<p>De imediato, uma equipe de resgate foi mobilizada e, utilizando uma moto aqu\u00e1tica, iniciou as buscas pela v\u00edtima.<\/p>\n\n\n\n<p><\/p>\n\n\n\n<figure class=\"wp-block-image size-full\"><img loading=\"lazy\" decoding=\"async\" width=\"897\" height=\"204\" src=\"https:\/\/radiostudiow.com.br\/site\/wp-content\/uploads\/2025\/03\/BARAO-NOVO-NOTICIAS-1.jpg\" alt=\"\" class=\"wp-image-35084\" srcset=\"https:\/\/radiostudiow.com.br\/site\/wp-content\/uploads\/2025\/03\/BARAO-NOVO-NOTICIAS-1.jpg 897w, https:\/\/radiostudiow.com.br\/site\/wp-content\/uploads\/2025\/03\/BARAO-NOVO-NOTICIAS-1-300x68.jpg 300w, https:\/\/radiostudiow.com.br\/site\/wp-content\/uploads\/2025\/03\/BARAO-NOVO-NOTICIAS-1-768x175.jpg 768w\" sizes=\"auto, (max-width: 897px) 100vw, 897px\" \/><\/figure>\n\n\n\n<p><\/p>\n\n\n\n<p>Gra\u00e7as \u00e0 a\u00e7\u00e3o r\u00e1pida e eficaz dos bombeiros, o homem foi localizado e retirado das \u00e1guas em seguran\u00e7a. N\u00e3o foram divulgadas informa\u00e7\u00f5es sobre seu estado de sa\u00fade ap\u00f3s o resgate.<\/p>\n\n\n\n<p>O Corpo de Bombeiros refor\u00e7a a import\u00e2ncia de aten\u00e7\u00e3o e seguran\u00e7a ao se aproximar de regi\u00f5es de correnteza, especialmente em pontos conhecidos pelo risco elevado, como \u00e9 o caso das corredeiras do Rio Igua\u00e7u.<\/p>\n\n\n\n<p><\/p>\n\n\n\n<p>FONTE E FOTO: Assis o Rep\u00f3rter <\/p>\n\n\n\n<p><\/p>\n\n\n\n<figure class=\"wp-block-image size-full\"><img decoding=\"async\" src=\"https:\/\/radiostudiow.com.br\/site\/wp-content\/uploads\/2022\/05\/NUTRI-MALLET.jpg\" alt=\"\" class=\"wp-image-7282\"\/><\/figure>\n\n\n\n<p><\/p>\n","protected":false},"excerpt":{"rendered":"<p>Na tarde desta segunda-feira (17), um homem foi resgatado com vida ap\u00f3s cair nas \u00e1guas do Rio Igua\u00e7u, pr\u00f3ximo \u00e0s corredeiras, em Porto Vit\u00f3ria. O salvamento foi realizado pelo Corpo de Bombeiros de Uni\u00e3o da Vit\u00f3ria, que foi acionado rapidamente para atender a ocorr\u00eancia. As primeiras informa\u00e7\u00f5es apontavam que um rapaz havia ca\u00eddo na \u00e1rea [&hellip;]<\/p>\n","protected":false},"author":2,"featured_media":35593,"comment_status":"open","ping_status":"open","sticky":false,"template":"","format":"standard","meta":{"footnotes":""},"categories":[7],"tags":[],"class_list":["post-35592","post","type-post","status-publish","format-standard","has-post-thumbnail","hentry","category-geral"],"amp_enabled":true,"_links":{"self":[{"href":"https:\/\/radiostudiow.com.br\/site\/wp-json\/wp\/v2\/posts\/35592","targetHints":{"allow":["GET"]}}],"collection":[{"href":"https:\/\/radiostudiow.com.br\/site\/wp-json\/wp\/v2\/posts"}],"about":[{"href":"https:\/\/radiostudiow.com.br\/site\/wp-json\/wp\/v2\/types\/post"}],"author":[{"embeddable":true,"href":"https:\/\/radiostudiow.com.br\/site\/wp-json\/wp\/v2\/users\/2"}],"replies":[{"embeddable":true,"href":"https:\/\/radiostudiow.com.br\/site\/wp-json\/wp\/v2\/comments?post=35592"}],"version-history":[{"count":1,"href":"https:\/\/radiostudiow.com.br\/site\/wp-json\/wp\/v2\/posts\/35592\/revisions"}],"predecessor-version":[{"id":35594,"href":"https:\/\/radiostudiow.com.br\/site\/wp-json\/wp\/v2\/posts\/35592\/revisions\/35594"}],"wp:featuredmedia":[{"embeddable":true,"href":"https:\/\/radiostudiow.com.br\/site\/wp-json\/wp\/v2\/media\/35593"}],"wp:attachment":[{"href":"https:\/\/radiostudiow.com.br\/site\/wp-json\/wp\/v2\/media?parent=35592"}],"wp:term":[{"taxonomy":"category","embeddable":true,"href":"https:\/\/radiostudiow.com.br\/site\/wp-json\/wp\/v2\/categories?post=35592"},{"taxonomy":"post_tag","embeddable":true,"href":"https:\/\/radiostudiow.com.br\/site\/wp-json\/wp\/v2\/tags?post=35592"}],"curies":[{"name":"wp","href":"https:\/\/api.w.org\/{rel}","templated":true}]}}