{"id":35640,"date":"2025-03-18T16:27:42","date_gmt":"2025-03-18T19:27:42","guid":{"rendered":"https:\/\/radiostudiow.com.br\/site\/?p=35640"},"modified":"2025-03-18T17:21:11","modified_gmt":"2025-03-18T20:21:11","slug":"acidente-na-br-153-deixa-duas-pessoas-feridas-em-reboucas","status":"publish","type":"post","link":"https:\/\/radiostudiow.com.br\/site\/2025\/03\/18\/acidente-na-br-153-deixa-duas-pessoas-feridas-em-reboucas\/","title":{"rendered":"Acidente na BR-153 em Rebou\u00e7as deixa dois feridos e interdita parcialmente a rodovia"},"content":{"rendered":"\n<p><\/p>\n\n\n\n<p>Na manh\u00e3 desta ter\u00e7a-feira (18), um acidente foi registrado no Km 358 da BR-153, no munic\u00edpio de Rebou\u00e7as, no Paran\u00e1. Por volta das 9h, um caminh\u00e3o Ford Cargo, de cor branca e com placas de Presidente Castelo Branco (SC), saiu da pista, deixando dois ocupantes feridos.<\/p>\n\n\n\n<p>O condutor do ve\u00edculo, um homem de 38 anos, e o passageiro, de 44 anos, sofreram ferimentos leves. Ambos foram socorridos e encaminhados para atendimento m\u00e9dico no Hospital de Caridade Dona Darcy Vargas, em Rebou\u00e7as.<\/p>\n\n\n\n<p><\/p>\n\n\n\n<figure class=\"wp-block-image size-full\"><img decoding=\"async\" src=\"https:\/\/radiostudiow.com.br\/site\/wp-content\/uploads\/2025\/03\/WhatsApp-Image-2025-03-17-at-11.55.02.jpeg\" alt=\"\" class=\"wp-image-35578\"\/><\/figure>\n\n\n\n<p><\/p>\n\n\n\n<p>Devido ao acidente, houve necessidade de interdi\u00e7\u00e3o parcial da rodovia, sendo implementado o sistema &#8220;Pare e Siga&#8221; para controle do tr\u00e2nsito at\u00e9 a remo\u00e7\u00e3o do caminh\u00e3o. A pista foi totalmente liberada por volta das 13h.<\/p>\n\n\n\n<p>As causas do acidente ainda n\u00e3o foram divulgadas, e as autoridades competentes investigam o ocorrido.<\/p>\n\n\n\n<p>Informa\u00e7\u00f5es e Imagens PRF<\/p>\n\n\n\n<p>Colabora\u00e7\u00e3o Rep\u00f3rter Kiko de Oliveira<\/p>\n\n\n\n<figure class=\"wp-block-image size-large\"><img loading=\"lazy\" decoding=\"async\" width=\"1024\" height=\"576\" src=\"https:\/\/radiostudiow.com.br\/site\/wp-content\/uploads\/2025\/03\/image-51-1024x576.png\" alt=\"\" class=\"wp-image-35642\" srcset=\"https:\/\/radiostudiow.com.br\/site\/wp-content\/uploads\/2025\/03\/image-51-1024x576.png 1024w, https:\/\/radiostudiow.com.br\/site\/wp-content\/uploads\/2025\/03\/image-51-300x169.png 300w, https:\/\/radiostudiow.com.br\/site\/wp-content\/uploads\/2025\/03\/image-51-768x432.png 768w, https:\/\/radiostudiow.com.br\/site\/wp-content\/uploads\/2025\/03\/image-51.png 1280w\" sizes=\"auto, (max-width: 1024px) 100vw, 1024px\" \/><figcaption class=\"wp-element-caption\"><br><\/figcaption><\/figure>\n\n\n\n<figure class=\"wp-block-image size-full\"><img loading=\"lazy\" decoding=\"async\" width=\"897\" height=\"204\" src=\"https:\/\/radiostudiow.com.br\/site\/wp-content\/uploads\/2024\/08\/TIJOLAO.png\" alt=\"\" class=\"wp-image-25951\" srcset=\"https:\/\/radiostudiow.com.br\/site\/wp-content\/uploads\/2024\/08\/TIJOLAO.png 897w, https:\/\/radiostudiow.com.br\/site\/wp-content\/uploads\/2024\/08\/TIJOLAO-300x68.png 300w, https:\/\/radiostudiow.com.br\/site\/wp-content\/uploads\/2024\/08\/TIJOLAO-768x175.png 768w\" sizes=\"auto, (max-width: 897px) 100vw, 897px\" \/><\/figure>\n","protected":false},"excerpt":{"rendered":"<p>Na manh\u00e3 desta ter\u00e7a-feira (18), um acidente foi registrado no Km 358 da BR-153, no munic\u00edpio de Rebou\u00e7as, no Paran\u00e1. Por volta das 9h, um caminh\u00e3o Ford Cargo, de cor branca e com placas de Presidente Castelo Branco (SC), saiu da pista, deixando dois ocupantes feridos. O condutor do ve\u00edculo, um homem de 38 anos, [&hellip;]<\/p>\n","protected":false},"author":2,"featured_media":35641,"comment_status":"open","ping_status":"open","sticky":false,"template":"","format":"standard","meta":{"footnotes":""},"categories":[185],"tags":[172],"class_list":["post-35640","post","type-post","status-publish","format-standard","has-post-thumbnail","hentry","category-regional","tag-featured"],"amp_enabled":true,"_links":{"self":[{"href":"https:\/\/radiostudiow.com.br\/site\/wp-json\/wp\/v2\/posts\/35640","targetHints":{"allow":["GET"]}}],"collection":[{"href":"https:\/\/radiostudiow.com.br\/site\/wp-json\/wp\/v2\/posts"}],"about":[{"href":"https:\/\/radiostudiow.com.br\/site\/wp-json\/wp\/v2\/types\/post"}],"author":[{"embeddable":true,"href":"https:\/\/radiostudiow.com.br\/site\/wp-json\/wp\/v2\/users\/2"}],"replies":[{"embeddable":true,"href":"https:\/\/radiostudiow.com.br\/site\/wp-json\/wp\/v2\/comments?post=35640"}],"version-history":[{"count":2,"href":"https:\/\/radiostudiow.com.br\/site\/wp-json\/wp\/v2\/posts\/35640\/revisions"}],"predecessor-version":[{"id":35650,"href":"https:\/\/radiostudiow.com.br\/site\/wp-json\/wp\/v2\/posts\/35640\/revisions\/35650"}],"wp:featuredmedia":[{"embeddable":true,"href":"https:\/\/radiostudiow.com.br\/site\/wp-json\/wp\/v2\/media\/35641"}],"wp:attachment":[{"href":"https:\/\/radiostudiow.com.br\/site\/wp-json\/wp\/v2\/media?parent=35640"}],"wp:term":[{"taxonomy":"category","embeddable":true,"href":"https:\/\/radiostudiow.com.br\/site\/wp-json\/wp\/v2\/categories?post=35640"},{"taxonomy":"post_tag","embeddable":true,"href":"https:\/\/radiostudiow.com.br\/site\/wp-json\/wp\/v2\/tags?post=35640"}],"curies":[{"name":"wp","href":"https:\/\/api.w.org\/{rel}","templated":true}]}}