{"id":35646,"date":"2025-03-18T17:13:40","date_gmt":"2025-03-18T20:13:40","guid":{"rendered":"https:\/\/radiostudiow.com.br\/site\/?p=35646"},"modified":"2025-03-18T17:13:41","modified_gmt":"2025-03-18T20:13:41","slug":"condutor-morre-em-acidente-na-br-277-em-prudentopolis","status":"publish","type":"post","link":"https:\/\/radiostudiow.com.br\/site\/2025\/03\/18\/condutor-morre-em-acidente-na-br-277-em-prudentopolis\/","title":{"rendered":"Condutor morre em acidente na BR-277 em Prudent\u00f3polis"},"content":{"rendered":"\n<p><\/p>\n\n\n\n<p>Na manh\u00e3 desta ter\u00e7a-feira (18), um grave acidente foi registrado no Km 289 da BR-277, em Prudent\u00f3polis. <\/p>\n\n\n\n<p>Por volta das 10h, um caminh\u00e3o Mercedes-Benz, com placas de Curitiba e carregado com frutas, saiu da pista e colidiu contra uma \u00e1rvore.<\/p>\n\n\n\n<p><\/p>\n\n\n\n<figure class=\"wp-block-image size-full\"><img loading=\"lazy\" decoding=\"async\" width=\"897\" height=\"204\" src=\"https:\/\/radiostudiow.com.br\/site\/wp-content\/uploads\/2025\/03\/BARAO-NOVO-NOTICIAS-1.jpg\" alt=\"\" class=\"wp-image-35084\" srcset=\"https:\/\/radiostudiow.com.br\/site\/wp-content\/uploads\/2025\/03\/BARAO-NOVO-NOTICIAS-1.jpg 897w, https:\/\/radiostudiow.com.br\/site\/wp-content\/uploads\/2025\/03\/BARAO-NOVO-NOTICIAS-1-300x68.jpg 300w, https:\/\/radiostudiow.com.br\/site\/wp-content\/uploads\/2025\/03\/BARAO-NOVO-NOTICIAS-1-768x175.jpg 768w\" sizes=\"auto, (max-width: 897px) 100vw, 897px\" \/><\/figure>\n\n\n\n<p>O condutor do ve\u00edculo, um homem de 50 anos, n\u00e3o resistiu aos ferimentos e morreu no local do acidente.<\/p>\n\n\n\n<p>Apesar da gravidade do ocorrido, n\u00e3o houve necessidade de interdi\u00e7\u00e3o da rodovia. <\/p>\n\n\n\n<p>As causas do acidente ainda ser\u00e3o investigadas pelas Pol\u00edcias Cient\u00edfica e Rodovi\u00e1ria Federal<\/p>\n\n\n\n<figure class=\"wp-block-image size-full\"><img loading=\"lazy\" decoding=\"async\" width=\"897\" height=\"204\" src=\"https:\/\/radiostudiow.com.br\/site\/wp-content\/uploads\/2025\/02\/SITE-GRANDE7.png\" alt=\"\" class=\"wp-image-33861\" srcset=\"https:\/\/radiostudiow.com.br\/site\/wp-content\/uploads\/2025\/02\/SITE-GRANDE7.png 897w, https:\/\/radiostudiow.com.br\/site\/wp-content\/uploads\/2025\/02\/SITE-GRANDE7-300x68.png 300w, https:\/\/radiostudiow.com.br\/site\/wp-content\/uploads\/2025\/02\/SITE-GRANDE7-768x175.png 768w\" sizes=\"auto, (max-width: 897px) 100vw, 897px\" \/><\/figure>\n\n\n\n<p><\/p>\n\n\n\n<p>Informa\u00e7\u00e3o PRF<\/p>\n\n\n\n<p>Imagens Portal O Prudentopolitano<\/p>\n\n\n\n<p>Colabora\u00e7\u00e3o Rep\u00f3rter Kiko de Oliveira<\/p>\n","protected":false},"excerpt":{"rendered":"<p>Na manh\u00e3 desta ter\u00e7a-feira (18), um grave acidente foi registrado no Km 289 da BR-277, em Prudent\u00f3polis. Por volta das 10h, um caminh\u00e3o Mercedes-Benz, com placas de Curitiba e carregado com frutas, saiu da pista e colidiu contra uma \u00e1rvore. O condutor do ve\u00edculo, um homem de 50 anos, n\u00e3o resistiu aos ferimentos e morreu [&hellip;]<\/p>\n","protected":false},"author":2,"featured_media":35647,"comment_status":"open","ping_status":"open","sticky":false,"template":"","format":"standard","meta":{"footnotes":""},"categories":[185],"tags":[172],"class_list":["post-35646","post","type-post","status-publish","format-standard","has-post-thumbnail","hentry","category-regional","tag-featured"],"amp_enabled":true,"_links":{"self":[{"href":"https:\/\/radiostudiow.com.br\/site\/wp-json\/wp\/v2\/posts\/35646","targetHints":{"allow":["GET"]}}],"collection":[{"href":"https:\/\/radiostudiow.com.br\/site\/wp-json\/wp\/v2\/posts"}],"about":[{"href":"https:\/\/radiostudiow.com.br\/site\/wp-json\/wp\/v2\/types\/post"}],"author":[{"embeddable":true,"href":"https:\/\/radiostudiow.com.br\/site\/wp-json\/wp\/v2\/users\/2"}],"replies":[{"embeddable":true,"href":"https:\/\/radiostudiow.com.br\/site\/wp-json\/wp\/v2\/comments?post=35646"}],"version-history":[{"count":1,"href":"https:\/\/radiostudiow.com.br\/site\/wp-json\/wp\/v2\/posts\/35646\/revisions"}],"predecessor-version":[{"id":35648,"href":"https:\/\/radiostudiow.com.br\/site\/wp-json\/wp\/v2\/posts\/35646\/revisions\/35648"}],"wp:featuredmedia":[{"embeddable":true,"href":"https:\/\/radiostudiow.com.br\/site\/wp-json\/wp\/v2\/media\/35647"}],"wp:attachment":[{"href":"https:\/\/radiostudiow.com.br\/site\/wp-json\/wp\/v2\/media?parent=35646"}],"wp:term":[{"taxonomy":"category","embeddable":true,"href":"https:\/\/radiostudiow.com.br\/site\/wp-json\/wp\/v2\/categories?post=35646"},{"taxonomy":"post_tag","embeddable":true,"href":"https:\/\/radiostudiow.com.br\/site\/wp-json\/wp\/v2\/tags?post=35646"}],"curies":[{"name":"wp","href":"https:\/\/api.w.org\/{rel}","templated":true}]}}