{"id":35651,"date":"2025-03-18T17:32:19","date_gmt":"2025-03-18T20:32:19","guid":{"rendered":"https:\/\/radiostudiow.com.br\/site\/?p=35651"},"modified":"2025-03-18T17:32:20","modified_gmt":"2025-03-18T20:32:20","slug":"homem-e-esfaqueado-na-vila-diva-em-rio-azul","status":"publish","type":"post","link":"https:\/\/radiostudiow.com.br\/site\/2025\/03\/18\/homem-e-esfaqueado-na-vila-diva-em-rio-azul\/","title":{"rendered":"Homem \u00e9 esfaqueado na Vila Diva em Rio Azul"},"content":{"rendered":"\n<p><em>Assessoria 8\u00aa CIPM<\/em><\/p>\n\n\n\n<p>A equipe policial foi acionada para averiguar uma situa\u00e7\u00e3o na qual havia um homem esfaqueado, na Vila Diva em Rio Azul por volta das 09h30min  na segunda-feira (17).<\/p>\n\n\n\n<p>No local, foi poss\u00edvel constatar um homem ca\u00eddo no ch\u00e3o com sinais de faca no corpo, logo na sequ\u00eancia o SAMU chegou e levou o homem at\u00e9 o Hospital de Rio Azul.<\/p>\n\n\n\n<figure class=\"wp-block-image size-full\"><img loading=\"lazy\" decoding=\"async\" width=\"897\" height=\"204\" src=\"https:\/\/radiostudiow.com.br\/site\/wp-content\/uploads\/2025\/01\/SITE-GRANDE2.png\" alt=\"\" class=\"wp-image-32805\" srcset=\"https:\/\/radiostudiow.com.br\/site\/wp-content\/uploads\/2025\/01\/SITE-GRANDE2.png 897w, https:\/\/radiostudiow.com.br\/site\/wp-content\/uploads\/2025\/01\/SITE-GRANDE2-300x68.png 300w, https:\/\/radiostudiow.com.br\/site\/wp-content\/uploads\/2025\/01\/SITE-GRANDE2-768x175.png 768w\" sizes=\"auto, (max-width: 897px) 100vw, 897px\" \/><\/figure>\n\n\n\n<p>A equipe policial, durante as buscas, encontrou um grupo de pessoas que relataram que a v\u00edtima da les\u00e3o estava dirigindo um autom\u00f3vel anteriormente e adentrou uma resid\u00eancia com o ve\u00edculo.<\/p>\n\n\n\n<p>A equipe registrou boletim de ocorr\u00eancia, e realizou as orienta\u00e7\u00f5es quanto aos procedimentos de pol\u00edcia judici\u00e1ria que podem ser adotados.<\/p>\n","protected":false},"excerpt":{"rendered":"<p>Assessoria 8\u00aa CIPM A equipe policial foi acionada para averiguar uma situa\u00e7\u00e3o na qual havia um homem esfaqueado, na Vila Diva em Rio Azul por volta das 09h30min na segunda-feira (17). No local, foi poss\u00edvel constatar um homem ca\u00eddo no ch\u00e3o com sinais de faca no corpo, logo na sequ\u00eancia o SAMU chegou e levou [&hellip;]<\/p>\n","protected":false},"author":2,"featured_media":35301,"comment_status":"open","ping_status":"open","sticky":false,"template":"","format":"standard","meta":{"footnotes":""},"categories":[2],"tags":[172],"class_list":["post-35651","post","type-post","status-publish","format-standard","has-post-thumbnail","hentry","category-policial","tag-featured"],"amp_enabled":true,"_links":{"self":[{"href":"https:\/\/radiostudiow.com.br\/site\/wp-json\/wp\/v2\/posts\/35651","targetHints":{"allow":["GET"]}}],"collection":[{"href":"https:\/\/radiostudiow.com.br\/site\/wp-json\/wp\/v2\/posts"}],"about":[{"href":"https:\/\/radiostudiow.com.br\/site\/wp-json\/wp\/v2\/types\/post"}],"author":[{"embeddable":true,"href":"https:\/\/radiostudiow.com.br\/site\/wp-json\/wp\/v2\/users\/2"}],"replies":[{"embeddable":true,"href":"https:\/\/radiostudiow.com.br\/site\/wp-json\/wp\/v2\/comments?post=35651"}],"version-history":[{"count":1,"href":"https:\/\/radiostudiow.com.br\/site\/wp-json\/wp\/v2\/posts\/35651\/revisions"}],"predecessor-version":[{"id":35652,"href":"https:\/\/radiostudiow.com.br\/site\/wp-json\/wp\/v2\/posts\/35651\/revisions\/35652"}],"wp:featuredmedia":[{"embeddable":true,"href":"https:\/\/radiostudiow.com.br\/site\/wp-json\/wp\/v2\/media\/35301"}],"wp:attachment":[{"href":"https:\/\/radiostudiow.com.br\/site\/wp-json\/wp\/v2\/media?parent=35651"}],"wp:term":[{"taxonomy":"category","embeddable":true,"href":"https:\/\/radiostudiow.com.br\/site\/wp-json\/wp\/v2\/categories?post=35651"},{"taxonomy":"post_tag","embeddable":true,"href":"https:\/\/radiostudiow.com.br\/site\/wp-json\/wp\/v2\/tags?post=35651"}],"curies":[{"name":"wp","href":"https:\/\/api.w.org\/{rel}","templated":true}]}}