{"id":35656,"date":"2025-03-18T18:47:49","date_gmt":"2025-03-18T21:47:49","guid":{"rendered":"https:\/\/radiostudiow.com.br\/site\/?p=35656"},"modified":"2025-03-18T18:47:50","modified_gmt":"2025-03-18T21:47:50","slug":"boletim-da-saude-confirma-3-508-novos-casos-e-duas-mortes-decorrentes-da-dengue","status":"publish","type":"post","link":"https:\/\/radiostudiow.com.br\/site\/2025\/03\/18\/boletim-da-saude-confirma-3-508-novos-casos-e-duas-mortes-decorrentes-da-dengue\/","title":{"rendered":"Boletim da Sa\u00fade confirma 3.508 novos casos e duas mortes decorrentes da dengue"},"content":{"rendered":"\n<p>A Secretaria de Estado da Sa\u00fade (Sesa), por meio da Coordenadoria Estadual de Vigil\u00e2ncia Ambiental, publicou nesta ter\u00e7a-feira (18) o novo informe semanal da dengue. Foram registrados 3.508 novos casos da doen\u00e7a e duas mortes.<\/p>\n\n\n\n<p>Os dados do novo ano epidemiol\u00f3gico 2025 totalizam agora 69.066 notifica\u00e7\u00f5es, 15.501 diagn\u00f3sticos confirmados e 12 \u00f3bitos em decorr\u00eancia da dengue.<\/p>\n\n\n\n<p>Os \u00f3bitos s\u00e3o de duas mulheres, uma delas de 64 anos, sem comorbidade, e outra com 83 anos, com comorbidades, ambas residentes no munic\u00edpio de Alvorada do Sul, na 17\u00aa Regional de Sa\u00fade de Londrina.<\/p>\n\n\n\n<figure class=\"wp-block-image size-full\"><img loading=\"lazy\" decoding=\"async\" width=\"598\" height=\"204\" src=\"https:\/\/radiostudiow.com.br\/site\/wp-content\/uploads\/2025\/01\/SITE-MEDIO.png\" alt=\"\" class=\"wp-image-32810\" srcset=\"https:\/\/radiostudiow.com.br\/site\/wp-content\/uploads\/2025\/01\/SITE-MEDIO.png 598w, https:\/\/radiostudiow.com.br\/site\/wp-content\/uploads\/2025\/01\/SITE-MEDIO-300x102.png 300w\" sizes=\"auto, (max-width: 598px) 100vw, 598px\" \/><\/figure>\n\n\n\n<p>No total, 387 munic\u00edpios j\u00e1 apresentaram notifica\u00e7\u00f5es da doen\u00e7a, transmitida pelo mosquito&nbsp;Aedes aegypti, e 298 possuem casos confirmados.<\/p>\n\n\n\n<p>As regionais com os maiores n\u00fameros de casos confirmados neste per\u00edodo epidemiol\u00f3gico s\u00e3o a 14\u00aa Regional de Sa\u00fade de Paranava\u00ed (4.458), 17\u00aa de Londrina (3.168), 15\u00aa de Maring\u00e1 (1.456), 12\u00aa de Umuarama (1.302) e 18\u00aa de Corn\u00e9lio Proc\u00f3pio (809).<\/p>\n\n\n\n<p><strong>OUTRAS ARBOVIROSES&nbsp;\u2013<\/strong>&nbsp;A publica\u00e7\u00e3o traz, ainda, dados sobre Chikungunya e Zika, doen\u00e7as que tamb\u00e9m t\u00eam como vetor o mosquito&nbsp;Aedes aegypti. Foram confirmados 595 casos de Chikungunya, com um total de 1.706 notifica\u00e7\u00f5es da doen\u00e7a no Estado. Quanto ao Zika V\u00edrus, at\u00e9 o momento foram registradas 26 notifica\u00e7\u00f5es e nenhum caso foi confirmado.<\/p>\n\n\n\n<figure class=\"wp-block-image size-full\"><img loading=\"lazy\" decoding=\"async\" width=\"598\" height=\"204\" src=\"https:\/\/radiostudiow.com.br\/site\/wp-content\/uploads\/2025\/01\/SITE-MEDIO7.png\" alt=\"\" class=\"wp-image-32801\" srcset=\"https:\/\/radiostudiow.com.br\/site\/wp-content\/uploads\/2025\/01\/SITE-MEDIO7.png 598w, https:\/\/radiostudiow.com.br\/site\/wp-content\/uploads\/2025\/01\/SITE-MEDIO7-300x102.png 300w\" sizes=\"auto, (max-width: 598px) 100vw, 598px\" \/><\/figure>\n\n\n\n<p><strong>INFESTA\u00c7\u00c3O PREDIAL&nbsp;\u2013<\/strong>&nbsp;A Sesa divulgou tamb\u00e9m o novo&nbsp;<strong><a href=\"https:\/\/www.dengue.pr.gov.br\/Pagina\/Boletim-Infestacao-Predial\" target=\"_blank\" rel=\"noreferrer noopener\">boletim de infesta\u00e7\u00e3o predial<\/a><\/strong>&nbsp;que apresenta o levantamento entomol\u00f3gico para o Aedes aegypti. O Paran\u00e1 tem 394 munic\u00edpios infestados, representando 98,7% do Estado.<\/p>\n\n\n\n<p>No per\u00edodo de 1\u00ba de janeiro a 28 de fevereiro, dos 399 munic\u00edpios do Paran\u00e1, 33 estavam classificados em situa\u00e7\u00e3o de risco de epidemia, 181 em alerta e 96 em situa\u00e7\u00e3o satisfat\u00f3ria para o IIP (\u00cdndice de Infesta\u00e7\u00e3o Predial). Outros 66 n\u00e3o enviaram informa\u00e7\u00f5es ou n\u00e3o realizaram o monitoramento. A cidade com maior \u00edndice de infesta\u00e7\u00e3o predial \u00e9 Florai, com IIP de 13,4%.<\/p>\n\n\n\n<p>Confira o Informe Semanal completo&nbsp;&nbsp;<a href=\"https:\/\/www.documentador.pr.gov.br\/documentador\/pub.do?action=d&amp;uuid=@gtf-escriba-sesa@0dc64f75-fa66-49e4-b797-e419e1d99927&amp;emPg=true\" target=\"_blank\" rel=\"noreferrer noopener\">AQUI<\/a>. Mais informa\u00e7\u00f5es sobre a dengue est\u00e3o&nbsp;neste&nbsp;<a href=\"https:\/\/www.dengue.pr.gov.br\/\" target=\"_blank\" rel=\"noreferrer noopener\">LINK.<\/a><\/p>\n\n\n\n<p><a href=\"https:\/\/www.saude.pr.gov.br\/sites\/default\/arquivos_restritos\/files\/imagem\/2025-03\/boletimdenguenovo2025.jpg\"><\/a><a href=\"https:\/\/www.saude.pr.gov.br\/sites\/default\/arquivos_restritos\/files\/imagem\/2025-03\/boletimdenguenovo2025.jpg\"><\/a><\/p>\n","protected":false},"excerpt":{"rendered":"<p>A Secretaria de Estado da Sa\u00fade (Sesa), por meio da Coordenadoria Estadual de Vigil\u00e2ncia Ambiental, publicou nesta ter\u00e7a-feira (18) o novo informe semanal da dengue. Foram registrados 3.508 novos casos da doen\u00e7a e duas mortes. Os dados do novo ano epidemiol\u00f3gico 2025 totalizam agora 69.066 notifica\u00e7\u00f5es, 15.501 diagn\u00f3sticos confirmados e 12 \u00f3bitos em decorr\u00eancia da [&hellip;]<\/p>\n","protected":false},"author":2,"featured_media":33107,"comment_status":"open","ping_status":"open","sticky":false,"template":"","format":"standard","meta":{"footnotes":""},"categories":[182],"tags":[172],"class_list":["post-35656","post","type-post","status-publish","format-standard","has-post-thumbnail","hentry","category-saude","tag-featured"],"amp_enabled":true,"_links":{"self":[{"href":"https:\/\/radiostudiow.com.br\/site\/wp-json\/wp\/v2\/posts\/35656","targetHints":{"allow":["GET"]}}],"collection":[{"href":"https:\/\/radiostudiow.com.br\/site\/wp-json\/wp\/v2\/posts"}],"about":[{"href":"https:\/\/radiostudiow.com.br\/site\/wp-json\/wp\/v2\/types\/post"}],"author":[{"embeddable":true,"href":"https:\/\/radiostudiow.com.br\/site\/wp-json\/wp\/v2\/users\/2"}],"replies":[{"embeddable":true,"href":"https:\/\/radiostudiow.com.br\/site\/wp-json\/wp\/v2\/comments?post=35656"}],"version-history":[{"count":1,"href":"https:\/\/radiostudiow.com.br\/site\/wp-json\/wp\/v2\/posts\/35656\/revisions"}],"predecessor-version":[{"id":35657,"href":"https:\/\/radiostudiow.com.br\/site\/wp-json\/wp\/v2\/posts\/35656\/revisions\/35657"}],"wp:featuredmedia":[{"embeddable":true,"href":"https:\/\/radiostudiow.com.br\/site\/wp-json\/wp\/v2\/media\/33107"}],"wp:attachment":[{"href":"https:\/\/radiostudiow.com.br\/site\/wp-json\/wp\/v2\/media?parent=35656"}],"wp:term":[{"taxonomy":"category","embeddable":true,"href":"https:\/\/radiostudiow.com.br\/site\/wp-json\/wp\/v2\/categories?post=35656"},{"taxonomy":"post_tag","embeddable":true,"href":"https:\/\/radiostudiow.com.br\/site\/wp-json\/wp\/v2\/tags?post=35656"}],"curies":[{"name":"wp","href":"https:\/\/api.w.org\/{rel}","templated":true}]}}