{"id":35675,"date":"2025-03-19T10:23:30","date_gmt":"2025-03-19T13:23:30","guid":{"rendered":"https:\/\/radiostudiow.com.br\/site\/?p=35675"},"modified":"2025-03-19T10:23:30","modified_gmt":"2025-03-19T13:23:30","slug":"rotam-de-uniao-da-vitoria-prende-homem-e-apreende-02-quilos-de-maconha","status":"publish","type":"post","link":"https:\/\/radiostudiow.com.br\/site\/2025\/03\/19\/rotam-de-uniao-da-vitoria-prende-homem-e-apreende-02-quilos-de-maconha\/","title":{"rendered":"ROTAM de Uni\u00e3o da Vit\u00f3ria prende homem e apreende 02 quilos de maconha"},"content":{"rendered":"\n<p>A equipe ROTAM da Pol\u00edcia Militar de Uni\u00e3o da Vit\u00f3ria realizava o patrulhamento pelo bairro  Limeira, quando avistou um homem de posse de uma mochila em atitude suspeita saindo de uma resid\u00eancia por volta das 20h40min dessa ter\u00e7a-feira (18).<\/p>\n\n\n\n<p>O suspeito ao perceber a equipe policial empreendeu fuga, correndo para os fundos da casa em dire\u00e7\u00e3o ao rio, os policiais realizaram a abordagem e em busca pessoal nada de il\u00edcito foi localizado.<\/p>\n\n\n\n<figure class=\"wp-block-image size-full\"><img decoding=\"async\" src=\"https:\/\/radiostudiow.com.br\/site\/wp-content\/uploads\/2025\/03\/WhatsApp-Image-2025-03-17-at-11.55.02.jpeg\" alt=\"\" class=\"wp-image-35578\"\/><\/figure>\n\n\n\n<p>Ao realizar buscas no terreno, foi localizado a mochila e constatado que em seu interior havia alguns tabletes de subst\u00e2ncia an\u00e1loga a maconha e uma balan\u00e7a de precis\u00e3o<\/p>\n\n\n\n<p>Dianta da situa\u00e7\u00e3o o detido foi conduzido juntamente com a droga e objetos apreendidos at\u00e9 a delegacia de Pol\u00edcia Civil.<\/p>\n","protected":false},"excerpt":{"rendered":"<p>A equipe ROTAM da Pol\u00edcia Militar de Uni\u00e3o da Vit\u00f3ria realizava o patrulhamento pelo bairro Limeira, quando avistou um homem de posse de uma mochila em atitude suspeita saindo de uma resid\u00eancia por volta das 20h40min dessa ter\u00e7a-feira (18). O suspeito ao perceber a equipe policial empreendeu fuga, correndo para os fundos da casa em [&hellip;]<\/p>\n","protected":false},"author":2,"featured_media":35684,"comment_status":"open","ping_status":"open","sticky":false,"template":"","format":"standard","meta":{"footnotes":""},"categories":[2],"tags":[172],"class_list":["post-35675","post","type-post","status-publish","format-standard","has-post-thumbnail","hentry","category-policial","tag-featured"],"amp_enabled":true,"_links":{"self":[{"href":"https:\/\/radiostudiow.com.br\/site\/wp-json\/wp\/v2\/posts\/35675","targetHints":{"allow":["GET"]}}],"collection":[{"href":"https:\/\/radiostudiow.com.br\/site\/wp-json\/wp\/v2\/posts"}],"about":[{"href":"https:\/\/radiostudiow.com.br\/site\/wp-json\/wp\/v2\/types\/post"}],"author":[{"embeddable":true,"href":"https:\/\/radiostudiow.com.br\/site\/wp-json\/wp\/v2\/users\/2"}],"replies":[{"embeddable":true,"href":"https:\/\/radiostudiow.com.br\/site\/wp-json\/wp\/v2\/comments?post=35675"}],"version-history":[{"count":2,"href":"https:\/\/radiostudiow.com.br\/site\/wp-json\/wp\/v2\/posts\/35675\/revisions"}],"predecessor-version":[{"id":35685,"href":"https:\/\/radiostudiow.com.br\/site\/wp-json\/wp\/v2\/posts\/35675\/revisions\/35685"}],"wp:featuredmedia":[{"embeddable":true,"href":"https:\/\/radiostudiow.com.br\/site\/wp-json\/wp\/v2\/media\/35684"}],"wp:attachment":[{"href":"https:\/\/radiostudiow.com.br\/site\/wp-json\/wp\/v2\/media?parent=35675"}],"wp:term":[{"taxonomy":"category","embeddable":true,"href":"https:\/\/radiostudiow.com.br\/site\/wp-json\/wp\/v2\/categories?post=35675"},{"taxonomy":"post_tag","embeddable":true,"href":"https:\/\/radiostudiow.com.br\/site\/wp-json\/wp\/v2\/tags?post=35675"}],"curies":[{"name":"wp","href":"https:\/\/api.w.org\/{rel}","templated":true}]}}