{"id":35692,"date":"2025-03-19T11:55:25","date_gmt":"2025-03-19T14:55:25","guid":{"rendered":"https:\/\/radiostudiow.com.br\/site\/?p=35692"},"modified":"2025-03-19T11:59:35","modified_gmt":"2025-03-19T14:59:35","slug":"policia-militar-e-acionada-para-conter-briga-em-paulo-frontin-mas-envolvidos-fogem-antes-da-chegada-da-equipe","status":"publish","type":"post","link":"https:\/\/radiostudiow.com.br\/site\/2025\/03\/19\/policia-militar-e-acionada-para-conter-briga-em-paulo-frontin-mas-envolvidos-fogem-antes-da-chegada-da-equipe\/","title":{"rendered":"Pol\u00edcia Militar \u00e9 acionada para conter briga em Paulo Frontin, mas envolvidos fogem antes da chegada da equipe"},"content":{"rendered":"\n<p><\/p>\n\n\n\n<figure class=\"wp-block-image size-full\"><img loading=\"lazy\" decoding=\"async\" width=\"897\" height=\"204\" src=\"https:\/\/radiostudiow.com.br\/site\/wp-content\/uploads\/2024\/08\/TIJOLAO.png\" alt=\"\" class=\"wp-image-25951\" srcset=\"https:\/\/radiostudiow.com.br\/site\/wp-content\/uploads\/2024\/08\/TIJOLAO.png 897w, https:\/\/radiostudiow.com.br\/site\/wp-content\/uploads\/2024\/08\/TIJOLAO-300x68.png 300w, https:\/\/radiostudiow.com.br\/site\/wp-content\/uploads\/2024\/08\/TIJOLAO-768x175.png 768w\" sizes=\"auto, (max-width: 897px) 100vw, 897px\" \/><\/figure>\n\n\n\n<p><\/p>\n\n\n\n<p style=\"font-size:21px\">Na noite desta ter\u00e7a-feira (18), a Pol\u00edcia Militar de Paulo Frontin foi acionada para atender a uma ocorr\u00eancia de briga generalizada na \u00e1rea central do munic\u00edpio.<\/p>\n\n\n\n<p style=\"font-size:21px\">De acordo com o propriet\u00e1rio de um estabelecimento comercial, um grupo de pessoas teria iniciado um confronto dentro ou nas proximidades do local, causando tumulto.<\/p>\n\n\n\n<p style=\"font-size:21px\">Diante da den\u00fancia, a equipe policial deslocou-se at\u00e9 o endere\u00e7o indicado. No entanto, ao chegarem, os agentes constataram que os envolvidos j\u00e1 haviam deixado a \u00e1rea.<\/p>\n\n\n\n<p style=\"font-size:21px\">Em seguida, foi realizado um patrulhamento nas imedia\u00e7\u00f5es com o objetivo de localizar os suspeitos, por\u00e9m, ningu\u00e9m com as caracter\u00edsticas informadas foi encontrado.<\/p>\n\n\n\n<p style=\"font-size:21px\">Apesar do chamado inicial e da preocupa\u00e7\u00e3o gerada pela confus\u00e3o, at\u00e9 o momento da confec\u00e7\u00e3o do boletim de ocorr\u00eancia, nenhuma pessoa compareceu ao destacamento policial para registrar den\u00fancia ou relatar ferimentos.<\/p>\n\n\n\n<p style=\"font-size:21px\">A Pol\u00edcia Militar refor\u00e7a a import\u00e2ncia de acionar as autoridades sempre que situa\u00e7\u00f5es semelhantes ocorrerem e solicita que eventuais v\u00edtimas ou testemunhas procurem o destacamento para prestar esclarecimentos.<\/p>\n\n\n\n<p><\/p>\n\n\n\n<figure class=\"wp-block-gallery has-nested-images columns-default is-cropped wp-block-gallery-1 is-layout-flex wp-block-gallery-is-layout-flex\">\n<figure class=\"wp-block-image size-large\"><img loading=\"lazy\" decoding=\"async\" width=\"598\" height=\"204\" data-id=\"32815\" src=\"https:\/\/radiostudiow.com.br\/site\/wp-content\/uploads\/2025\/01\/SITE-MEDIO3.png\" alt=\"\" class=\"wp-image-32815\" srcset=\"https:\/\/radiostudiow.com.br\/site\/wp-content\/uploads\/2025\/01\/SITE-MEDIO3.png 598w, https:\/\/radiostudiow.com.br\/site\/wp-content\/uploads\/2025\/01\/SITE-MEDIO3-300x102.png 300w\" sizes=\"auto, (max-width: 598px) 100vw, 598px\" \/><\/figure>\n\n\n\n<figure class=\"wp-block-image size-large\"><img loading=\"lazy\" decoding=\"async\" width=\"598\" height=\"204\" data-id=\"32801\" src=\"https:\/\/radiostudiow.com.br\/site\/wp-content\/uploads\/2025\/01\/SITE-MEDIO7.png\" alt=\"\" class=\"wp-image-32801\" srcset=\"https:\/\/radiostudiow.com.br\/site\/wp-content\/uploads\/2025\/01\/SITE-MEDIO7.png 598w, https:\/\/radiostudiow.com.br\/site\/wp-content\/uploads\/2025\/01\/SITE-MEDIO7-300x102.png 300w\" sizes=\"auto, (max-width: 598px) 100vw, 598px\" \/><\/figure>\n<\/figure>\n","protected":false},"excerpt":{"rendered":"<p>Na noite desta ter\u00e7a-feira (18), a Pol\u00edcia Militar de Paulo Frontin foi acionada para atender a uma ocorr\u00eancia de briga generalizada na \u00e1rea central do munic\u00edpio. De acordo com o propriet\u00e1rio de um estabelecimento comercial, um grupo de pessoas teria iniciado um confronto dentro ou nas proximidades do local, causando tumulto. Diante da den\u00fancia, a [&hellip;]<\/p>\n","protected":false},"author":2,"featured_media":35693,"comment_status":"open","ping_status":"open","sticky":false,"template":"","format":"standard","meta":{"footnotes":""},"categories":[2,185],"tags":[172],"class_list":["post-35692","post","type-post","status-publish","format-standard","has-post-thumbnail","hentry","category-policial","category-regional","tag-featured"],"amp_enabled":true,"_links":{"self":[{"href":"https:\/\/radiostudiow.com.br\/site\/wp-json\/wp\/v2\/posts\/35692","targetHints":{"allow":["GET"]}}],"collection":[{"href":"https:\/\/radiostudiow.com.br\/site\/wp-json\/wp\/v2\/posts"}],"about":[{"href":"https:\/\/radiostudiow.com.br\/site\/wp-json\/wp\/v2\/types\/post"}],"author":[{"embeddable":true,"href":"https:\/\/radiostudiow.com.br\/site\/wp-json\/wp\/v2\/users\/2"}],"replies":[{"embeddable":true,"href":"https:\/\/radiostudiow.com.br\/site\/wp-json\/wp\/v2\/comments?post=35692"}],"version-history":[{"count":2,"href":"https:\/\/radiostudiow.com.br\/site\/wp-json\/wp\/v2\/posts\/35692\/revisions"}],"predecessor-version":[{"id":35695,"href":"https:\/\/radiostudiow.com.br\/site\/wp-json\/wp\/v2\/posts\/35692\/revisions\/35695"}],"wp:featuredmedia":[{"embeddable":true,"href":"https:\/\/radiostudiow.com.br\/site\/wp-json\/wp\/v2\/media\/35693"}],"wp:attachment":[{"href":"https:\/\/radiostudiow.com.br\/site\/wp-json\/wp\/v2\/media?parent=35692"}],"wp:term":[{"taxonomy":"category","embeddable":true,"href":"https:\/\/radiostudiow.com.br\/site\/wp-json\/wp\/v2\/categories?post=35692"},{"taxonomy":"post_tag","embeddable":true,"href":"https:\/\/radiostudiow.com.br\/site\/wp-json\/wp\/v2\/tags?post=35692"}],"curies":[{"name":"wp","href":"https:\/\/api.w.org\/{rel}","templated":true}]}}