{"id":35713,"date":"2025-03-20T10:07:59","date_gmt":"2025-03-20T13:07:59","guid":{"rendered":"https:\/\/radiostudiow.com.br\/site\/?p=35713"},"modified":"2025-03-20T10:08:00","modified_gmt":"2025-03-20T13:08:00","slug":"colheita-e-comercio-de-pinhao-seguem-proibidos-no-parana-ate-1o-de-abril","status":"publish","type":"post","link":"https:\/\/radiostudiow.com.br\/site\/2025\/03\/20\/colheita-e-comercio-de-pinhao-seguem-proibidos-no-parana-ate-1o-de-abril\/","title":{"rendered":"Colheita e com\u00e9rcio de pinh\u00e3o seguem proibidos no Paran\u00e1 at\u00e9 1\u00ba de abril"},"content":{"rendered":"\n<p><\/p>\n\n\n\n<p>O Batalh\u00e3o de Pol\u00edcia Ambiental For\u00e7a Verde alerta que a colheita, o transporte, a comercializa\u00e7\u00e3o e o armazenamento do pinh\u00e3o est\u00e3o proibidos em todo o Estado do Paran\u00e1 at\u00e9 o dia 1\u00ba de abril.<\/p>\n\n\n\n<p>&nbsp;A restri\u00e7\u00e3o, regulamentada pela Portaria IAP n\u00ba 46, de 26 de mar\u00e7o de 2015, tem o objetivo de equilibrar a gera\u00e7\u00e3o de renda com a conserva\u00e7\u00e3o da esp\u00e9cie no bioma Mata Atl\u00e2ntica, evitando pr\u00e1ticas predat\u00f3rias antes da matura\u00e7\u00e3o completa das sementes.<\/p>\n\n\n\n<p><\/p>\n\n\n\n<figure class=\"wp-block-image size-full\"><img loading=\"lazy\" decoding=\"async\" width=\"897\" height=\"204\" src=\"https:\/\/radiostudiow.com.br\/site\/wp-content\/uploads\/2024\/08\/TIJOLAO.png\" alt=\"\" class=\"wp-image-25951\" srcset=\"https:\/\/radiostudiow.com.br\/site\/wp-content\/uploads\/2024\/08\/TIJOLAO.png 897w, https:\/\/radiostudiow.com.br\/site\/wp-content\/uploads\/2024\/08\/TIJOLAO-300x68.png 300w, https:\/\/radiostudiow.com.br\/site\/wp-content\/uploads\/2024\/08\/TIJOLAO-768x175.png 768w\" sizes=\"auto, (max-width: 897px) 100vw, 897px\" \/><\/figure>\n\n\n\n<p><\/p>\n\n\n\n<p>A partir de 1\u00ba de abril, ser\u00e1 permitida a coleta de pinhas deiscente, ou seja, aquelas cujo est\u00e1gio de matura\u00e7\u00e3o esteja completo, apresentando colora\u00e7\u00e3o verde-amarelada ou marrom t\u00edpica.<\/p>\n\n\n\n<p>No entanto, a colheita de pinhas imaturas, que ainda possuem colora\u00e7\u00e3o verde, pinh\u00f5es esbranqui\u00e7ados e alto teor de umidade, permanecer\u00e1 proibida.<\/p>\n\n\n\n<p>Os infratores flagrados desrespeitando a norma poder\u00e3o ser autuados administrativamente e ter\u00e3o o produto apreendido pelas autoridades competentes.<\/p>\n\n\n\n<p>A medida visa proteger as sementes do pinheiro-brasileiro (Arauc\u00e1ria angustifolia), uma esp\u00e9cie amea\u00e7ada de extin\u00e7\u00e3o, garantindo sua preserva\u00e7\u00e3o e reprodu\u00e7\u00e3o no ecossistema.<\/p>\n\n\n\n<p><\/p>\n\n\n\n<figure class=\"wp-block-image size-full\"><img loading=\"lazy\" decoding=\"async\" width=\"897\" height=\"204\" src=\"https:\/\/radiostudiow.com.br\/site\/wp-content\/uploads\/2025\/03\/BARAO-NOVO-NOTICIAS-1.jpg\" alt=\"\" class=\"wp-image-35084\" srcset=\"https:\/\/radiostudiow.com.br\/site\/wp-content\/uploads\/2025\/03\/BARAO-NOVO-NOTICIAS-1.jpg 897w, https:\/\/radiostudiow.com.br\/site\/wp-content\/uploads\/2025\/03\/BARAO-NOVO-NOTICIAS-1-300x68.jpg 300w, https:\/\/radiostudiow.com.br\/site\/wp-content\/uploads\/2025\/03\/BARAO-NOVO-NOTICIAS-1-768x175.jpg 768w\" sizes=\"auto, (max-width: 897px) 100vw, 897px\" \/><\/figure>\n\n\n\n<p><\/p>\n\n\n\n<p>O Batalh\u00e3o de Pol\u00edcia Ambiental refor\u00e7a a import\u00e2ncia do cumprimento das regras para a manuten\u00e7\u00e3o da biodiversidade e do equil\u00edbrio ambiental na regi\u00e3o.<\/p>\n\n\n\n<p>Pol\u00edcia Militar do Paran\u00e1, n\u00f3s fazemos a diferen\u00e7a!<\/p>\n\n\n\n<p>\ud83d\udde3 Den\u00fancias \ud83d\udcde ligue 181.<\/p>\n\n\n\n<p>(sua den\u00fancia ser\u00e1 an\u00f4nima)<\/p>\n\n\n\n<p><\/p>\n\n\n\n<p>FONTE: POL\u00cdCIA AMBIENTAL DO PARAN\u00c1<\/p>\n","protected":false},"excerpt":{"rendered":"<p>O Batalh\u00e3o de Pol\u00edcia Ambiental For\u00e7a Verde alerta que a colheita, o transporte, a comercializa\u00e7\u00e3o e o armazenamento do pinh\u00e3o est\u00e3o proibidos em todo o Estado do Paran\u00e1 at\u00e9 o dia 1\u00ba de abril. &nbsp;A restri\u00e7\u00e3o, regulamentada pela Portaria IAP n\u00ba 46, de 26 de mar\u00e7o de 2015, tem o objetivo de equilibrar a gera\u00e7\u00e3o [&hellip;]<\/p>\n","protected":false},"author":2,"featured_media":35714,"comment_status":"open","ping_status":"open","sticky":false,"template":"","format":"standard","meta":{"footnotes":""},"categories":[7],"tags":[172],"class_list":["post-35713","post","type-post","status-publish","format-standard","has-post-thumbnail","hentry","category-geral","tag-featured"],"amp_enabled":true,"_links":{"self":[{"href":"https:\/\/radiostudiow.com.br\/site\/wp-json\/wp\/v2\/posts\/35713","targetHints":{"allow":["GET"]}}],"collection":[{"href":"https:\/\/radiostudiow.com.br\/site\/wp-json\/wp\/v2\/posts"}],"about":[{"href":"https:\/\/radiostudiow.com.br\/site\/wp-json\/wp\/v2\/types\/post"}],"author":[{"embeddable":true,"href":"https:\/\/radiostudiow.com.br\/site\/wp-json\/wp\/v2\/users\/2"}],"replies":[{"embeddable":true,"href":"https:\/\/radiostudiow.com.br\/site\/wp-json\/wp\/v2\/comments?post=35713"}],"version-history":[{"count":1,"href":"https:\/\/radiostudiow.com.br\/site\/wp-json\/wp\/v2\/posts\/35713\/revisions"}],"predecessor-version":[{"id":35715,"href":"https:\/\/radiostudiow.com.br\/site\/wp-json\/wp\/v2\/posts\/35713\/revisions\/35715"}],"wp:featuredmedia":[{"embeddable":true,"href":"https:\/\/radiostudiow.com.br\/site\/wp-json\/wp\/v2\/media\/35714"}],"wp:attachment":[{"href":"https:\/\/radiostudiow.com.br\/site\/wp-json\/wp\/v2\/media?parent=35713"}],"wp:term":[{"taxonomy":"category","embeddable":true,"href":"https:\/\/radiostudiow.com.br\/site\/wp-json\/wp\/v2\/categories?post=35713"},{"taxonomy":"post_tag","embeddable":true,"href":"https:\/\/radiostudiow.com.br\/site\/wp-json\/wp\/v2\/tags?post=35713"}],"curies":[{"name":"wp","href":"https:\/\/api.w.org\/{rel}","templated":true}]}}