{"id":35719,"date":"2025-03-20T11:00:47","date_gmt":"2025-03-20T14:00:47","guid":{"rendered":"https:\/\/radiostudiow.com.br\/site\/?p=35719"},"modified":"2025-03-20T11:00:47","modified_gmt":"2025-03-20T14:00:47","slug":"mulher-e-detida-por-omissao-de-cautela-apos-ataque-de-pitbull-em-uniao-da-vitoria","status":"publish","type":"post","link":"https:\/\/radiostudiow.com.br\/site\/2025\/03\/20\/mulher-e-detida-por-omissao-de-cautela-apos-ataque-de-pitbull-em-uniao-da-vitoria\/","title":{"rendered":"Mulher \u00e9 detida por omiss\u00e3o de cautela ap\u00f3s ataque de pitbull em Uni\u00e3o da Vit\u00f3ria"},"content":{"rendered":"\n<p><\/p>\n\n\n\n<p><strong>Imagem Ilustrativa &#8211; Informa\u00e7\u00f5es 27\u00ba BPM<\/strong><\/p>\n\n\n\n<p>Uma mulher foi detida pela Pol\u00edcia Militar na noite desta quarta-feira (19) por omiss\u00e3o de cautela na guarda de animal no bairro S\u00e3o Bernardo, em Uni\u00e3o da Vit\u00f3ria. <\/p>\n\n\n\n<p>O caso ocorreu por volta das 19h30, quando um pitbull escapou de uma resid\u00eancia e atacou outro cachorro que estava na rua.<\/p>\n\n\n\n<p>Segundo informa\u00e7\u00f5es de populares, os animais foram separados por vizinhos ap\u00f3s o ataque.<\/p>\n\n\n\n<p><\/p>\n\n\n\n<figure class=\"wp-block-image size-full\"><img loading=\"lazy\" decoding=\"async\" width=\"598\" height=\"204\" src=\"https:\/\/radiostudiow.com.br\/site\/wp-content\/uploads\/2025\/01\/SITE-MEDIO7.png\" alt=\"\" class=\"wp-image-32801\" srcset=\"https:\/\/radiostudiow.com.br\/site\/wp-content\/uploads\/2025\/01\/SITE-MEDIO7.png 598w, https:\/\/radiostudiow.com.br\/site\/wp-content\/uploads\/2025\/01\/SITE-MEDIO7-300x102.png 300w\" sizes=\"auto, (max-width: 598px) 100vw, 598px\" \/><\/figure>\n\n\n\n<p><\/p>\n\n\n\n<p> O c\u00e3o ferido estava sendo conduzido por sua tutora com guia e coleira no momento da agress\u00e3o.<\/p>\n\n\n\n<p>A dona do pitbull relatou que o animal fugiu quando o port\u00e3o de sua resid\u00eancia ficou brevemente aberto.<\/p>\n\n\n\n<p> Diante da situa\u00e7\u00e3o, ambas as partes foram encaminhadas ao cart\u00f3rio do 27\u00ba Batalh\u00e3o de Pol\u00edcia Militar (BPM) para a confec\u00e7\u00e3o de um Termo Circunstanciado de Infra\u00e7\u00e3o Penal.<\/p>\n\n\n\n<p>A Pol\u00edcia Militar de Uni\u00e3o da Vit\u00f3ria refor\u00e7a a import\u00e2ncia da ado\u00e7\u00e3o de medidas de seguran\u00e7a para evitar incidentes envolvendo animais de grande porte e garantir a seguran\u00e7a de todos..<\/p>\n\n\n\n<p><\/p>\n\n\n\n<figure class=\"wp-block-image size-full\"><img loading=\"lazy\" decoding=\"async\" width=\"897\" height=\"204\" src=\"https:\/\/radiostudiow.com.br\/site\/wp-content\/uploads\/2024\/01\/SITE-GRANDE3.png\" alt=\"zaions\" class=\"wp-image-18936\" srcset=\"https:\/\/radiostudiow.com.br\/site\/wp-content\/uploads\/2024\/01\/SITE-GRANDE3.png 897w, https:\/\/radiostudiow.com.br\/site\/wp-content\/uploads\/2024\/01\/SITE-GRANDE3-300x68.png 300w, https:\/\/radiostudiow.com.br\/site\/wp-content\/uploads\/2024\/01\/SITE-GRANDE3-768x175.png 768w\" sizes=\"auto, (max-width: 897px) 100vw, 897px\" \/><\/figure>\n","protected":false},"excerpt":{"rendered":"<p>Imagem Ilustrativa &#8211; Informa\u00e7\u00f5es 27\u00ba BPM Uma mulher foi detida pela Pol\u00edcia Militar na noite desta quarta-feira (19) por omiss\u00e3o de cautela na guarda de animal no bairro S\u00e3o Bernardo, em Uni\u00e3o da Vit\u00f3ria. O caso ocorreu por volta das 19h30, quando um pitbull escapou de uma resid\u00eancia e atacou outro cachorro que estava na [&hellip;]<\/p>\n","protected":false},"author":2,"featured_media":35720,"comment_status":"open","ping_status":"open","sticky":false,"template":"","format":"standard","meta":{"footnotes":""},"categories":[2],"tags":[172],"class_list":["post-35719","post","type-post","status-publish","format-standard","has-post-thumbnail","hentry","category-policial","tag-featured"],"amp_enabled":true,"_links":{"self":[{"href":"https:\/\/radiostudiow.com.br\/site\/wp-json\/wp\/v2\/posts\/35719","targetHints":{"allow":["GET"]}}],"collection":[{"href":"https:\/\/radiostudiow.com.br\/site\/wp-json\/wp\/v2\/posts"}],"about":[{"href":"https:\/\/radiostudiow.com.br\/site\/wp-json\/wp\/v2\/types\/post"}],"author":[{"embeddable":true,"href":"https:\/\/radiostudiow.com.br\/site\/wp-json\/wp\/v2\/users\/2"}],"replies":[{"embeddable":true,"href":"https:\/\/radiostudiow.com.br\/site\/wp-json\/wp\/v2\/comments?post=35719"}],"version-history":[{"count":1,"href":"https:\/\/radiostudiow.com.br\/site\/wp-json\/wp\/v2\/posts\/35719\/revisions"}],"predecessor-version":[{"id":35721,"href":"https:\/\/radiostudiow.com.br\/site\/wp-json\/wp\/v2\/posts\/35719\/revisions\/35721"}],"wp:featuredmedia":[{"embeddable":true,"href":"https:\/\/radiostudiow.com.br\/site\/wp-json\/wp\/v2\/media\/35720"}],"wp:attachment":[{"href":"https:\/\/radiostudiow.com.br\/site\/wp-json\/wp\/v2\/media?parent=35719"}],"wp:term":[{"taxonomy":"category","embeddable":true,"href":"https:\/\/radiostudiow.com.br\/site\/wp-json\/wp\/v2\/categories?post=35719"},{"taxonomy":"post_tag","embeddable":true,"href":"https:\/\/radiostudiow.com.br\/site\/wp-json\/wp\/v2\/tags?post=35719"}],"curies":[{"name":"wp","href":"https:\/\/api.w.org\/{rel}","templated":true}]}}