{"id":35723,"date":"2025-03-20T18:59:25","date_gmt":"2025-03-20T21:59:25","guid":{"rendered":"https:\/\/radiostudiow.com.br\/site\/?p=35723"},"modified":"2025-03-20T18:59:26","modified_gmt":"2025-03-20T21:59:26","slug":"policia-civil-esclarece-homicidio-de-jovem-em-uniao-da-vitoria-e-prende-suspeito","status":"publish","type":"post","link":"https:\/\/radiostudiow.com.br\/site\/2025\/03\/20\/policia-civil-esclarece-homicidio-de-jovem-em-uniao-da-vitoria-e-prende-suspeito\/","title":{"rendered":"Pol\u00edcia Civil esclarece homic\u00eddio de jovem em Uni\u00e3o da Vit\u00f3ria e prende suspeito"},"content":{"rendered":"\n<p>Foto: R\u00e1dio Colmeia<\/p>\n\n\n\n<p>A Pol\u00edcia Civil de Uni\u00e3o da Vit\u00f3ria esclareceu o homic\u00eddio de Graciele Stefany dos Santos, de 20 anos, encontrada morta na manh\u00e3 do dia 8 de mar\u00e7o nas proximidades de um gin\u00e1sio no Distrito de S\u00e3o Crist\u00f3v\u00e3o.<\/p>\n\n\n\n<p>O caso chocou a regi\u00e3o e mobilizou a 4\u00aa Subdivis\u00e3o Policial, que conduziu as investiga\u00e7\u00f5es.<\/p>\n\n\n\n<p><\/p>\n\n\n\n<figure class=\"wp-block-image size-full\"><img decoding=\"async\" src=\"https:\/\/radiostudiow.com.br\/site\/wp-content\/uploads\/2025\/03\/WhatsApp-Image-2025-03-17-at-11.55.02.jpeg\" alt=\"\" class=\"wp-image-35578\"\/><\/figure>\n\n\n\n<p>Ap\u00f3s coleta de provas e ind\u00edcios, os investigadores identificaram o autor do crime. Com base nas informa\u00e7\u00f5es apuradas, o delegado Douglas Carlos de Possebon e Freitas, solicitou a pris\u00e3o do suspeito junto ao Minist\u00e9rio P\u00fablico e ao Poder Judici\u00e1rio.<\/p>\n\n\n\n<p>&nbsp;O pedido foi deferido, e o indiv\u00edduo j\u00e1 se encontra recluso na Cadeia P\u00fablica de Uni\u00e3o da Vit\u00f3ria.<\/p>\n\n\n\n<p>O delegado destacou a import\u00e2ncia da colabora\u00e7\u00e3o da comunidade para a elucida\u00e7\u00e3o do caso. \u201cCom empenho e dedica\u00e7\u00e3o, conseguimos reunir os elementos necess\u00e1rios para responsabilizar o autor do crime, garantindo a seguran\u00e7a da popula\u00e7\u00e3o\u201d, afirmou.<\/p>\n\n\n\n<p>A Pol\u00edcia Civil refor\u00e7a que qualquer informa\u00e7\u00e3o adicional que possa contribuir para o caso pode ser repassada anonimamente pelo telefone (42) 3521-3508 via WhatsApp ou diretamente na delegacia.<\/p>\n\n\n\n<p><\/p>\n\n\n\n<figure class=\"wp-block-image size-full\"><img loading=\"lazy\" decoding=\"async\" width=\"897\" height=\"204\" src=\"https:\/\/radiostudiow.com.br\/site\/wp-content\/uploads\/2025\/03\/BARAO-NOVO-NOTICIAS-1.jpg\" alt=\"\" class=\"wp-image-35084\" srcset=\"https:\/\/radiostudiow.com.br\/site\/wp-content\/uploads\/2025\/03\/BARAO-NOVO-NOTICIAS-1.jpg 897w, https:\/\/radiostudiow.com.br\/site\/wp-content\/uploads\/2025\/03\/BARAO-NOVO-NOTICIAS-1-300x68.jpg 300w, https:\/\/radiostudiow.com.br\/site\/wp-content\/uploads\/2025\/03\/BARAO-NOVO-NOTICIAS-1-768x175.jpg 768w\" sizes=\"auto, (max-width: 897px) 100vw, 897px\" \/><\/figure>\n\n\n\n<p>FONTE: 4\u00aa SDP\/REP\u00d3RTER TIAGO AMARAL<\/p>\n","protected":false},"excerpt":{"rendered":"<p>Foto: R\u00e1dio Colmeia A Pol\u00edcia Civil de Uni\u00e3o da Vit\u00f3ria esclareceu o homic\u00eddio de Graciele Stefany dos Santos, de 20 anos, encontrada morta na manh\u00e3 do dia 8 de mar\u00e7o nas proximidades de um gin\u00e1sio no Distrito de S\u00e3o Crist\u00f3v\u00e3o. O caso chocou a regi\u00e3o e mobilizou a 4\u00aa Subdivis\u00e3o Policial, que conduziu as investiga\u00e7\u00f5es. [&hellip;]<\/p>\n","protected":false},"author":2,"featured_media":35725,"comment_status":"open","ping_status":"open","sticky":false,"template":"","format":"standard","meta":{"footnotes":""},"categories":[2],"tags":[172],"class_list":["post-35723","post","type-post","status-publish","format-standard","has-post-thumbnail","hentry","category-policial","tag-featured"],"amp_enabled":true,"_links":{"self":[{"href":"https:\/\/radiostudiow.com.br\/site\/wp-json\/wp\/v2\/posts\/35723","targetHints":{"allow":["GET"]}}],"collection":[{"href":"https:\/\/radiostudiow.com.br\/site\/wp-json\/wp\/v2\/posts"}],"about":[{"href":"https:\/\/radiostudiow.com.br\/site\/wp-json\/wp\/v2\/types\/post"}],"author":[{"embeddable":true,"href":"https:\/\/radiostudiow.com.br\/site\/wp-json\/wp\/v2\/users\/2"}],"replies":[{"embeddable":true,"href":"https:\/\/radiostudiow.com.br\/site\/wp-json\/wp\/v2\/comments?post=35723"}],"version-history":[{"count":1,"href":"https:\/\/radiostudiow.com.br\/site\/wp-json\/wp\/v2\/posts\/35723\/revisions"}],"predecessor-version":[{"id":35726,"href":"https:\/\/radiostudiow.com.br\/site\/wp-json\/wp\/v2\/posts\/35723\/revisions\/35726"}],"wp:featuredmedia":[{"embeddable":true,"href":"https:\/\/radiostudiow.com.br\/site\/wp-json\/wp\/v2\/media\/35725"}],"wp:attachment":[{"href":"https:\/\/radiostudiow.com.br\/site\/wp-json\/wp\/v2\/media?parent=35723"}],"wp:term":[{"taxonomy":"category","embeddable":true,"href":"https:\/\/radiostudiow.com.br\/site\/wp-json\/wp\/v2\/categories?post=35723"},{"taxonomy":"post_tag","embeddable":true,"href":"https:\/\/radiostudiow.com.br\/site\/wp-json\/wp\/v2\/tags?post=35723"}],"curies":[{"name":"wp","href":"https:\/\/api.w.org\/{rel}","templated":true}]}}