{"id":35733,"date":"2025-03-21T10:33:39","date_gmt":"2025-03-21T13:33:39","guid":{"rendered":"https:\/\/radiostudiow.com.br\/site\/?p=35733"},"modified":"2025-03-21T10:33:40","modified_gmt":"2025-03-21T13:33:40","slug":"furto-qualificado-em-agencia-de-viagens-na-area-central-de-irati","status":"publish","type":"post","link":"https:\/\/radiostudiow.com.br\/site\/2025\/03\/21\/furto-qualificado-em-agencia-de-viagens-na-area-central-de-irati\/","title":{"rendered":"Furto qualificado em ag\u00eancia de viagens na \u00e1rea central de Irati"},"content":{"rendered":"\n<p>A equipe policial se deslocou at\u00e9 a \u00e1rea central, na quarta-feira (19), \u00e0s 07h30, onde havia ocorrido um furto qualificado.<\/p>\n\n\n\n<p>No local, em contato com a v\u00edtima, a qual \u00e9 propriet\u00e1ria de uma ag\u00eancia de viagens, relatou que constatou o local aberto, com a porta da frente arrombada e que havia sido levado de dentro 2 notebooks, sendo um deles da marca Lenovo, de cor prata, e outro da marca Asus Vivo, de cor azul escuro, um filtro de \u00e1gua na cor preta, certa quantia em dinheiro, 1 garrafa de \u00e1gua de inox com a identifica\u00e7\u00e3o da ag\u00eancia e 2 malas de viagem, uma tamanho P e outra G (rodas) da marca Gladiador modelo 360\u00b0.<\/p>\n\n\n\n<figure class=\"wp-block-image size-full\"><img decoding=\"async\" src=\"https:\/\/radiostudiow.com.br\/site\/wp-content\/uploads\/2025\/03\/BARAO-NOVO-NOTICIAS.jpg\" alt=\"\" class=\"wp-image-35078\"\/><\/figure>\n\n\n\n<p>Diante dos fatos, foi feito contato com a 41\u00aa Delegacia de Pol\u00edcia Civil, os quais informaram que no local compareceria um papiloscopista, recolher as digitais do local da ocorr\u00eancia. Ainda, a equipe fez contato com uma empresa pr\u00f3xima, a qual possui c\u00e2mera de seguran\u00e7a, onde o respons\u00e1vel, ficou de observar as imagens e se constatar algo, compartilhar com a equipe para dar andamento da investiga\u00e7\u00e3o.<\/p>\n\n\n\n<p>A v\u00edtima foi orientada a comparecer na 41\u00aa Delegacia para que sejam tomadas as provid\u00eancias.<br><em>FONTE: Folha de Irati<\/em><\/p>\n","protected":false},"excerpt":{"rendered":"<p>A equipe policial se deslocou at\u00e9 a \u00e1rea central, na quarta-feira (19), \u00e0s 07h30, onde havia ocorrido um furto qualificado. No local, em contato com a v\u00edtima, a qual \u00e9 propriet\u00e1ria de uma ag\u00eancia de viagens, relatou que constatou o local aberto, com a porta da frente arrombada e que havia sido levado de dentro [&hellip;]<\/p>\n","protected":false},"author":2,"featured_media":35734,"comment_status":"open","ping_status":"open","sticky":false,"template":"","format":"standard","meta":{"footnotes":""},"categories":[2],"tags":[172],"class_list":["post-35733","post","type-post","status-publish","format-standard","has-post-thumbnail","hentry","category-policial","tag-featured"],"amp_enabled":true,"_links":{"self":[{"href":"https:\/\/radiostudiow.com.br\/site\/wp-json\/wp\/v2\/posts\/35733","targetHints":{"allow":["GET"]}}],"collection":[{"href":"https:\/\/radiostudiow.com.br\/site\/wp-json\/wp\/v2\/posts"}],"about":[{"href":"https:\/\/radiostudiow.com.br\/site\/wp-json\/wp\/v2\/types\/post"}],"author":[{"embeddable":true,"href":"https:\/\/radiostudiow.com.br\/site\/wp-json\/wp\/v2\/users\/2"}],"replies":[{"embeddable":true,"href":"https:\/\/radiostudiow.com.br\/site\/wp-json\/wp\/v2\/comments?post=35733"}],"version-history":[{"count":1,"href":"https:\/\/radiostudiow.com.br\/site\/wp-json\/wp\/v2\/posts\/35733\/revisions"}],"predecessor-version":[{"id":35735,"href":"https:\/\/radiostudiow.com.br\/site\/wp-json\/wp\/v2\/posts\/35733\/revisions\/35735"}],"wp:featuredmedia":[{"embeddable":true,"href":"https:\/\/radiostudiow.com.br\/site\/wp-json\/wp\/v2\/media\/35734"}],"wp:attachment":[{"href":"https:\/\/radiostudiow.com.br\/site\/wp-json\/wp\/v2\/media?parent=35733"}],"wp:term":[{"taxonomy":"category","embeddable":true,"href":"https:\/\/radiostudiow.com.br\/site\/wp-json\/wp\/v2\/categories?post=35733"},{"taxonomy":"post_tag","embeddable":true,"href":"https:\/\/radiostudiow.com.br\/site\/wp-json\/wp\/v2\/tags?post=35733"}],"curies":[{"name":"wp","href":"https:\/\/api.w.org\/{rel}","templated":true}]}}