{"id":35736,"date":"2025-03-21T10:37:17","date_gmt":"2025-03-21T13:37:17","guid":{"rendered":"https:\/\/radiostudiow.com.br\/site\/?p=35736"},"modified":"2025-03-21T10:37:18","modified_gmt":"2025-03-21T13:37:18","slug":"mulher-e-presa-por-receptacao-de-materiais-furtados-em-porto-uniao","status":"publish","type":"post","link":"https:\/\/radiostudiow.com.br\/site\/2025\/03\/21\/mulher-e-presa-por-receptacao-de-materiais-furtados-em-porto-uniao\/","title":{"rendered":"Mulher \u00e9 presa por recepta\u00e7\u00e3o de materiais furtados em Porto Uni\u00e3o"},"content":{"rendered":"\n<p>Na quarta-feira (19), a Pol\u00edcia Militar prendeu uma mulher pelo crime de recepta\u00e7\u00e3o no munic\u00edpio de Porto Uni\u00e3o. A a\u00e7\u00e3o ocorreu ap\u00f3s uma den\u00fancia levar os policiais at\u00e9 a suspeita, que estava em posse de quatro caixas de pisos furtadas de uma constru\u00e7\u00e3o.<\/p>\n\n\n\n<p>Segundo a detida, os produtos foram adquiridos de um homem que os vendeu a ela. No entanto, diante da constata\u00e7\u00e3o de que os itens eram provenientes de furto, a mulher recebeu voz de pris\u00e3o e foi conduzida \u00e0 Delegacia de Pol\u00edcia Civil para os procedimentos legais.<\/p>\n\n\n\n<figure class=\"wp-block-image size-full\"><img loading=\"lazy\" decoding=\"async\" width=\"897\" height=\"204\" src=\"https:\/\/radiostudiow.com.br\/site\/wp-content\/uploads\/2025\/03\/SITE-GRANDE5.png\" alt=\"\" class=\"wp-image-35420\" srcset=\"https:\/\/radiostudiow.com.br\/site\/wp-content\/uploads\/2025\/03\/SITE-GRANDE5.png 897w, https:\/\/radiostudiow.com.br\/site\/wp-content\/uploads\/2025\/03\/SITE-GRANDE5-300x68.png 300w, https:\/\/radiostudiow.com.br\/site\/wp-content\/uploads\/2025\/03\/SITE-GRANDE5-768x175.png 768w\" sizes=\"auto, (max-width: 897px) 100vw, 897px\" \/><\/figure>\n\n\n\n<p>A recepta\u00e7\u00e3o \u00e9 um crime previsto no Artigo 180 do C\u00f3digo Penal Brasileiro e ocorre quando algu\u00e9m adquire, recebe ou oculta bens sabendo que s\u00e3o produto de crime. Mesmo sem envolvimento direto no furto, a pessoa que compra ou mant\u00e9m objetos il\u00edcitos pode ser punida com pena de reclus\u00e3o de 1 a 4 anos, al\u00e9m de multa.<\/p>\n\n\n\n<p>A Pol\u00edcia Militar refor\u00e7a a import\u00e2ncia de a popula\u00e7\u00e3o verificar a proced\u00eancia de produtos antes da compra, evitando fomentar pr\u00e1ticas criminosas e responder legalmente por recepta\u00e7\u00e3o.<\/p>\n","protected":false},"excerpt":{"rendered":"<p>Na quarta-feira (19), a Pol\u00edcia Militar prendeu uma mulher pelo crime de recepta\u00e7\u00e3o no munic\u00edpio de Porto Uni\u00e3o. A a\u00e7\u00e3o ocorreu ap\u00f3s uma den\u00fancia levar os policiais at\u00e9 a suspeita, que estava em posse de quatro caixas de pisos furtadas de uma constru\u00e7\u00e3o. Segundo a detida, os produtos foram adquiridos de um homem que os [&hellip;]<\/p>\n","protected":false},"author":2,"featured_media":35737,"comment_status":"open","ping_status":"open","sticky":false,"template":"","format":"standard","meta":{"footnotes":""},"categories":[2],"tags":[172],"class_list":["post-35736","post","type-post","status-publish","format-standard","has-post-thumbnail","hentry","category-policial","tag-featured"],"amp_enabled":true,"_links":{"self":[{"href":"https:\/\/radiostudiow.com.br\/site\/wp-json\/wp\/v2\/posts\/35736","targetHints":{"allow":["GET"]}}],"collection":[{"href":"https:\/\/radiostudiow.com.br\/site\/wp-json\/wp\/v2\/posts"}],"about":[{"href":"https:\/\/radiostudiow.com.br\/site\/wp-json\/wp\/v2\/types\/post"}],"author":[{"embeddable":true,"href":"https:\/\/radiostudiow.com.br\/site\/wp-json\/wp\/v2\/users\/2"}],"replies":[{"embeddable":true,"href":"https:\/\/radiostudiow.com.br\/site\/wp-json\/wp\/v2\/comments?post=35736"}],"version-history":[{"count":1,"href":"https:\/\/radiostudiow.com.br\/site\/wp-json\/wp\/v2\/posts\/35736\/revisions"}],"predecessor-version":[{"id":35738,"href":"https:\/\/radiostudiow.com.br\/site\/wp-json\/wp\/v2\/posts\/35736\/revisions\/35738"}],"wp:featuredmedia":[{"embeddable":true,"href":"https:\/\/radiostudiow.com.br\/site\/wp-json\/wp\/v2\/media\/35737"}],"wp:attachment":[{"href":"https:\/\/radiostudiow.com.br\/site\/wp-json\/wp\/v2\/media?parent=35736"}],"wp:term":[{"taxonomy":"category","embeddable":true,"href":"https:\/\/radiostudiow.com.br\/site\/wp-json\/wp\/v2\/categories?post=35736"},{"taxonomy":"post_tag","embeddable":true,"href":"https:\/\/radiostudiow.com.br\/site\/wp-json\/wp\/v2\/tags?post=35736"}],"curies":[{"name":"wp","href":"https:\/\/api.w.org\/{rel}","templated":true}]}}