{"id":35748,"date":"2025-03-21T11:20:08","date_gmt":"2025-03-21T14:20:08","guid":{"rendered":"https:\/\/radiostudiow.com.br\/site\/?p=35748"},"modified":"2025-03-21T11:20:09","modified_gmt":"2025-03-21T14:20:09","slug":"atencao-proprietarios-de-veiculos-automotores","status":"publish","type":"post","link":"https:\/\/radiostudiow.com.br\/site\/2025\/03\/21\/atencao-proprietarios-de-veiculos-automotores\/","title":{"rendered":"ATEN\u00c7\u00c3O PROPRIET\u00c1RIOS DE VE\u00cdCULOS AUTOMOTORES!"},"content":{"rendered":"\n<blockquote class=\"wp-block-quote is-layout-flow wp-block-quote-is-layout-flow\">\n<p>Terceira parcela do IPVA 2025 com final de placa 3 e 4 vence hoje sexta-feira<\/p>\n<\/blockquote>\n\n\n\n<p>Os donos de ve\u00edculos com finais de placa 3 e 4 t\u00eam somente hoje sexta-feira (21), para fazer o pagamento da terceira parcela do Imposto sobre a Propriedade de Ve\u00edculos Automotores (IPVA) de 2025.<\/p>\n\n\n\n<p>Os contribuintes que optaram pelo parcelamento em cinco vezes devem fazer o pagamento da terceira cota do imposto ao longo desta semana, sem a incid\u00eancia de juros. \u00c9 crucial ficar atento \u00e0s datas de vencimento, que variam de acordo com o final da placa do ve\u00edculo. Em caso de atraso, a multa \u00e9 de 0,33% ao dia mais juros de mora (de acordo com a taxa Selic). Ap\u00f3s 30 dias de atraso, o percentual \u00e9 fixado em 10% do valor do imposto.<\/p>\n\n\n\n<p><\/p>\n\n\n\n<figure class=\"wp-block-image size-full\"><img decoding=\"async\" src=\"https:\/\/radiostudiow.com.br\/site\/wp-content\/uploads\/2025\/03\/WhatsApp-Image-2025-03-17-at-11.55.02.jpeg\" alt=\"\" class=\"wp-image-35578\"\/><\/figure>\n\n\n\n<p><\/p>\n\n\n\n<p>O calend\u00e1rio de pagamento foi retomado neste dia 20 de mar\u00e7o para ve\u00edculos com final de placa 1 e 2 e se estende at\u00e9 a semana que vem, contemplando os mais de 2,8 milh\u00f5es de propriet\u00e1rios que optaram pelo parcelamento do IPVA 2025.<\/p>\n\n\n\n<h2 class=\"wp-block-heading\">OP\u00c7\u00d5ES DE PAGAMENTO<\/h2>\n\n\n\n<p>Assim como j\u00e1 ocorria em anos anteriores, as guias de recolhimento (GR-PR) n\u00e3o s\u00e3o enviadas pelos Correios. A Secretaria de Estado da Fazenda e a Receita Estadual tamb\u00e9m n\u00e3o encaminham boletos por e-mail nem aplicativos de mensagens. Os contribuintes do Paran\u00e1 devem ger\u00e1-las para pagamento por meio dos canais oficiais. Como o Portal IPVA, os aplicativos Servi\u00e7os R\u00e1pidos, da Receita Estadual, e Detran Inteligente, dispon\u00edveis para Android e iOS, ou Portal de Pagamentos de Tributos.<\/p>\n\n\n\n<p>Uma alternativa de pagamento do IPVA \u00e9 o pix, por meio do QR Code inserido na guia de recolhimento, a partir de mais de 800 institui\u00e7\u00f5es financeiras. O pagamento nessa modalidade \u00e9 compensado em at\u00e9 24 horas e pode ser feito nos canais eletr\u00f4nicos dos bancos ou por meio de aplicativos, n\u00e3o limitados aos parceiros do Estado.<\/p>\n\n\n\n<p>Al\u00e9m disso, \u00e9 poss\u00edvel pagar o IPVA com cart\u00e3o de cr\u00e9dito, que permite parcelar os d\u00e9bitos em at\u00e9 12 vezes. Neste caso, a Fazenda e a Receita chamam a aten\u00e7\u00e3o para as taxas cobradas pelas institui\u00e7\u00f5es operadoras. A tabela dos juros aplicados por cada uma delas est\u00e1 dispon\u00edvel AQUI.<\/p>\n\n\n\n<p><\/p>\n\n\n\n<figure class=\"wp-block-image size-full\"><img loading=\"lazy\" decoding=\"async\" width=\"897\" height=\"204\" src=\"https:\/\/radiostudiow.com.br\/site\/wp-content\/uploads\/2025\/03\/SITE-GRANDE5.png\" alt=\"\" class=\"wp-image-35420\" srcset=\"https:\/\/radiostudiow.com.br\/site\/wp-content\/uploads\/2025\/03\/SITE-GRANDE5.png 897w, https:\/\/radiostudiow.com.br\/site\/wp-content\/uploads\/2025\/03\/SITE-GRANDE5-300x68.png 300w, https:\/\/radiostudiow.com.br\/site\/wp-content\/uploads\/2025\/03\/SITE-GRANDE5-768x175.png 768w\" sizes=\"auto, (max-width: 897px) 100vw, 897px\" \/><\/figure>\n\n\n\n<p><\/p>\n\n\n\n<h2 class=\"wp-block-heading\">EVITE GOLPES<\/h2>\n\n\n\n<p>A Secretaria da Fazenda alerta os contribuintes sobre a exist\u00eancia de sites falsos relacionados \u00e0 cobran\u00e7a do IPVA. A recomenda\u00e7\u00e3o \u00e9 de que as guias de pagamento sejam sempre geradas atrav\u00e9s dos sites oficiais, cujos endere\u00e7os terminam com a extens\u00e3o \u201cpr.gov.br\u201d, ou por meio dos apps da Receita Estadual e do Detran, que fornecem formas seguras de realizar os pagamentos.<\/p>\n\n\n\n<p><\/p>\n\n\n\n<figure class=\"wp-block-image size-full\"><img loading=\"lazy\" decoding=\"async\" width=\"897\" height=\"204\" src=\"https:\/\/radiostudiow.com.br\/site\/wp-content\/uploads\/2025\/03\/BARAO-NOVO-NOTICIAS-1.jpg\" alt=\"\" class=\"wp-image-35084\" srcset=\"https:\/\/radiostudiow.com.br\/site\/wp-content\/uploads\/2025\/03\/BARAO-NOVO-NOTICIAS-1.jpg 897w, https:\/\/radiostudiow.com.br\/site\/wp-content\/uploads\/2025\/03\/BARAO-NOVO-NOTICIAS-1-300x68.jpg 300w, https:\/\/radiostudiow.com.br\/site\/wp-content\/uploads\/2025\/03\/BARAO-NOVO-NOTICIAS-1-768x175.jpg 768w\" sizes=\"auto, (max-width: 897px) 100vw, 897px\" \/><\/figure>\n\n\n\n<p><\/p>\n\n\n\n<p><strong>CONFIRA O CALEND\u00c1RIO DE PAGAMENTO DA TERCEIRA PARCELA DO IMPOSTO:<\/strong><\/p>\n\n\n\n<p>&nbsp;\u2013&nbsp;Finais 1 e 2: 20\/03 &#8211; Quinta-feira<\/p>\n\n\n\n<p>&nbsp;\u2013&nbsp;Finais 3 e 4: 21\/03 \u2013 sexta-feira<\/p>\n\n\n\n<p>&nbsp;\u2013&nbsp;Finais 5 e 6: 24\/03 \u2013 segunda-feira<\/p>\n\n\n\n<p>&nbsp;\u2013&nbsp;Finais 7 e 8: 25\/03 \u2013 ter\u00e7a-feira<\/p>\n\n\n\n<p>&nbsp;\u2013&nbsp;Finais 9 e 0: 26\/03 \u2013 quarta-feira<\/p>\n\n\n\n<p><\/p>\n\n\n\n<figure class=\"wp-block-image size-full\"><img loading=\"lazy\" decoding=\"async\" width=\"897\" height=\"204\" src=\"https:\/\/radiostudiow.com.br\/site\/wp-content\/uploads\/2025\/02\/SITE-GRANDE7.png\" alt=\"\" class=\"wp-image-33861\" srcset=\"https:\/\/radiostudiow.com.br\/site\/wp-content\/uploads\/2025\/02\/SITE-GRANDE7.png 897w, https:\/\/radiostudiow.com.br\/site\/wp-content\/uploads\/2025\/02\/SITE-GRANDE7-300x68.png 300w, https:\/\/radiostudiow.com.br\/site\/wp-content\/uploads\/2025\/02\/SITE-GRANDE7-768x175.png 768w\" sizes=\"auto, (max-width: 897px) 100vw, 897px\" \/><\/figure>\n\n\n\n<p><\/p>\n\n\n\n<p>Fonte: A. E. N.<\/p>\n\n\n\n<p>Foto: Ve\u00edculos na Avenida Bar\u00e3o do Rio Branco em Mallet<\/p>\n","protected":false},"excerpt":{"rendered":"<p>Terceira parcela do IPVA 2025 com final de placa 3 e 4 vence hoje sexta-feira Os donos de ve\u00edculos com finais de placa 3 e 4 t\u00eam somente hoje sexta-feira (21), para fazer o pagamento da terceira parcela do Imposto sobre a Propriedade de Ve\u00edculos Automotores (IPVA) de 2025. Os contribuintes que optaram pelo parcelamento [&hellip;]<\/p>\n","protected":false},"author":2,"featured_media":35749,"comment_status":"open","ping_status":"open","sticky":false,"template":"","format":"standard","meta":{"footnotes":""},"categories":[184],"tags":[172],"class_list":["post-35748","post","type-post","status-publish","format-standard","has-post-thumbnail","hentry","category-local","tag-featured"],"amp_enabled":true,"_links":{"self":[{"href":"https:\/\/radiostudiow.com.br\/site\/wp-json\/wp\/v2\/posts\/35748","targetHints":{"allow":["GET"]}}],"collection":[{"href":"https:\/\/radiostudiow.com.br\/site\/wp-json\/wp\/v2\/posts"}],"about":[{"href":"https:\/\/radiostudiow.com.br\/site\/wp-json\/wp\/v2\/types\/post"}],"author":[{"embeddable":true,"href":"https:\/\/radiostudiow.com.br\/site\/wp-json\/wp\/v2\/users\/2"}],"replies":[{"embeddable":true,"href":"https:\/\/radiostudiow.com.br\/site\/wp-json\/wp\/v2\/comments?post=35748"}],"version-history":[{"count":1,"href":"https:\/\/radiostudiow.com.br\/site\/wp-json\/wp\/v2\/posts\/35748\/revisions"}],"predecessor-version":[{"id":35750,"href":"https:\/\/radiostudiow.com.br\/site\/wp-json\/wp\/v2\/posts\/35748\/revisions\/35750"}],"wp:featuredmedia":[{"embeddable":true,"href":"https:\/\/radiostudiow.com.br\/site\/wp-json\/wp\/v2\/media\/35749"}],"wp:attachment":[{"href":"https:\/\/radiostudiow.com.br\/site\/wp-json\/wp\/v2\/media?parent=35748"}],"wp:term":[{"taxonomy":"category","embeddable":true,"href":"https:\/\/radiostudiow.com.br\/site\/wp-json\/wp\/v2\/categories?post=35748"},{"taxonomy":"post_tag","embeddable":true,"href":"https:\/\/radiostudiow.com.br\/site\/wp-json\/wp\/v2\/tags?post=35748"}],"curies":[{"name":"wp","href":"https:\/\/api.w.org\/{rel}","templated":true}]}}