{"id":35752,"date":"2025-03-21T14:11:58","date_gmt":"2025-03-21T17:11:58","guid":{"rendered":"https:\/\/radiostudiow.com.br\/site\/?p=35752"},"modified":"2025-03-21T14:11:59","modified_gmt":"2025-03-21T17:11:59","slug":"grave-acidente-em-irati-veiculo-capota-e-deixa-quatro-feridos-incluindo-tres-criancas","status":"publish","type":"post","link":"https:\/\/radiostudiow.com.br\/site\/2025\/03\/21\/grave-acidente-em-irati-veiculo-capota-e-deixa-quatro-feridos-incluindo-tres-criancas\/","title":{"rendered":"Grave acidente em Irati: ve\u00edculo capota e deixa quatro feridos, incluindo tr\u00eas crian\u00e7as"},"content":{"rendered":"\n<p><\/p>\n\n\n\n<p>Na manh\u00e3 desta sexta-feira (21), um grave acidente foi registrado na Avenida Paran\u00e1, na Vila S\u00e3o Jo\u00e3o, em Irati.<\/p>\n\n\n\n<p>Um ve\u00edculo Chevrolet Vectra capotou por volta das 7h55 na estrada de acesso \u00e0 localidade de Assungui, na \u00e1rea rural de Fernandes Pinheiro, deixando quatro pessoas feridas.<\/p>\n\n\n\n<figure class=\"wp-block-image size-large\"><img loading=\"lazy\" decoding=\"async\" width=\"687\" height=\"1024\" src=\"https:\/\/radiostudiow.com.br\/site\/wp-content\/uploads\/2025\/03\/e32505f3-0851-4e02-ba24-7fe0b8b9c40c-1-687x1024.jpg\" alt=\"\" class=\"wp-image-35754\" srcset=\"https:\/\/radiostudiow.com.br\/site\/wp-content\/uploads\/2025\/03\/e32505f3-0851-4e02-ba24-7fe0b8b9c40c-1-687x1024.jpg 687w, https:\/\/radiostudiow.com.br\/site\/wp-content\/uploads\/2025\/03\/e32505f3-0851-4e02-ba24-7fe0b8b9c40c-1-201x300.jpg 201w, https:\/\/radiostudiow.com.br\/site\/wp-content\/uploads\/2025\/03\/e32505f3-0851-4e02-ba24-7fe0b8b9c40c-1.jpg 723w\" sizes=\"auto, (max-width: 687px) 100vw, 687px\" \/><\/figure>\n\n\n\n<p><\/p>\n\n\n\n<figure class=\"wp-block-image size-full\"><img loading=\"lazy\" decoding=\"async\" width=\"598\" height=\"204\" src=\"https:\/\/radiostudiow.com.br\/site\/wp-content\/uploads\/2024\/10\/labirati.png\" alt=\"\" class=\"wp-image-28854\" srcset=\"https:\/\/radiostudiow.com.br\/site\/wp-content\/uploads\/2024\/10\/labirati.png 598w, https:\/\/radiostudiow.com.br\/site\/wp-content\/uploads\/2024\/10\/labirati-300x102.png 300w\" sizes=\"auto, (max-width: 598px) 100vw, 598px\" \/><\/figure>\n\n\n\n<p><\/p>\n\n\n\n<p>De acordo com informa\u00e7\u00f5es do Corpo de Bombeiros e do Servi\u00e7o de Atendimento M\u00f3vel de Urg\u00eancia (SAMU), a condutora do ve\u00edculo, uma mulher de 27 anos, sofreu ferimentos moderados. No carro tamb\u00e9m estavam tr\u00eas crian\u00e7as, de 9 meses, 5 e 9 anos, que tiveram ferimentos graves.<\/p>\n\n\n\n<p>Todas as v\u00edtimas foram ejetadas do ve\u00edculo durante o capotamento.<\/p>\n\n\n\n<p>Equipes de resgate prestaram os primeiros socorros e encaminharam os feridos para a Santa Casa de Irati.<\/p>\n\n\n\n<p>&nbsp;A causa do acidente ainda n\u00e3o foi divulgada, e as autoridades devem investigar as circunst\u00e2ncias do ocorrido.<\/p>\n\n\n\n<figure class=\"wp-block-image size-full\"><img loading=\"lazy\" decoding=\"async\" width=\"598\" height=\"204\" src=\"https:\/\/radiostudiow.com.br\/site\/wp-content\/uploads\/2025\/01\/SITE-MEDIO7.png\" alt=\"\" class=\"wp-image-32801\" srcset=\"https:\/\/radiostudiow.com.br\/site\/wp-content\/uploads\/2025\/01\/SITE-MEDIO7.png 598w, https:\/\/radiostudiow.com.br\/site\/wp-content\/uploads\/2025\/01\/SITE-MEDIO7-300x102.png 300w\" sizes=\"auto, (max-width: 598px) 100vw, 598px\" \/><\/figure>\n\n\n\n<figure class=\"wp-block-image size-full\"><img loading=\"lazy\" decoding=\"async\" width=\"710\" height=\"740\" src=\"https:\/\/radiostudiow.com.br\/site\/wp-content\/uploads\/2025\/03\/b2319e9c-9f1f-48ce-ae6f-a0cd781a8952.jpg\" alt=\"\" class=\"wp-image-35755\" srcset=\"https:\/\/radiostudiow.com.br\/site\/wp-content\/uploads\/2025\/03\/b2319e9c-9f1f-48ce-ae6f-a0cd781a8952.jpg 710w, https:\/\/radiostudiow.com.br\/site\/wp-content\/uploads\/2025\/03\/b2319e9c-9f1f-48ce-ae6f-a0cd781a8952-288x300.jpg 288w\" sizes=\"auto, (max-width: 710px) 100vw, 710px\" \/><\/figure>\n\n\n\n<p>KIKO DE OLIVEIRA NOT\u00cdCIAS<\/p>\n\n\n\n<figure class=\"wp-block-gallery has-nested-images columns-default is-cropped wp-block-gallery-1 is-layout-flex wp-block-gallery-is-layout-flex\"><\/figure>\n\n\n\n<p>Informa\u00e7\u00f5es 6\u00b0CIBM<\/p>\n\n\n\n<p>Imagens 6\u00b0CIBM\/Rede Social\/Divulga\u00e7\u00e3o<\/p>\n\n\n\n<p><\/p>\n","protected":false},"excerpt":{"rendered":"<p>Na manh\u00e3 desta sexta-feira (21), um grave acidente foi registrado na Avenida Paran\u00e1, na Vila S\u00e3o Jo\u00e3o, em Irati. Um ve\u00edculo Chevrolet Vectra capotou por volta das 7h55 na estrada de acesso \u00e0 localidade de Assungui, na \u00e1rea rural de Fernandes Pinheiro, deixando quatro pessoas feridas. De acordo com informa\u00e7\u00f5es do Corpo de Bombeiros e [&hellip;]<\/p>\n","protected":false},"author":2,"featured_media":35756,"comment_status":"open","ping_status":"open","sticky":false,"template":"","format":"standard","meta":{"footnotes":""},"categories":[185],"tags":[172],"class_list":["post-35752","post","type-post","status-publish","format-standard","has-post-thumbnail","hentry","category-regional","tag-featured"],"amp_enabled":true,"_links":{"self":[{"href":"https:\/\/radiostudiow.com.br\/site\/wp-json\/wp\/v2\/posts\/35752","targetHints":{"allow":["GET"]}}],"collection":[{"href":"https:\/\/radiostudiow.com.br\/site\/wp-json\/wp\/v2\/posts"}],"about":[{"href":"https:\/\/radiostudiow.com.br\/site\/wp-json\/wp\/v2\/types\/post"}],"author":[{"embeddable":true,"href":"https:\/\/radiostudiow.com.br\/site\/wp-json\/wp\/v2\/users\/2"}],"replies":[{"embeddable":true,"href":"https:\/\/radiostudiow.com.br\/site\/wp-json\/wp\/v2\/comments?post=35752"}],"version-history":[{"count":1,"href":"https:\/\/radiostudiow.com.br\/site\/wp-json\/wp\/v2\/posts\/35752\/revisions"}],"predecessor-version":[{"id":35757,"href":"https:\/\/radiostudiow.com.br\/site\/wp-json\/wp\/v2\/posts\/35752\/revisions\/35757"}],"wp:featuredmedia":[{"embeddable":true,"href":"https:\/\/radiostudiow.com.br\/site\/wp-json\/wp\/v2\/media\/35756"}],"wp:attachment":[{"href":"https:\/\/radiostudiow.com.br\/site\/wp-json\/wp\/v2\/media?parent=35752"}],"wp:term":[{"taxonomy":"category","embeddable":true,"href":"https:\/\/radiostudiow.com.br\/site\/wp-json\/wp\/v2\/categories?post=35752"},{"taxonomy":"post_tag","embeddable":true,"href":"https:\/\/radiostudiow.com.br\/site\/wp-json\/wp\/v2\/tags?post=35752"}],"curies":[{"name":"wp","href":"https:\/\/api.w.org\/{rel}","templated":true}]}}