{"id":35759,"date":"2025-03-21T14:48:24","date_gmt":"2025-03-21T17:48:24","guid":{"rendered":"https:\/\/radiostudiow.com.br\/site\/?p=35759"},"modified":"2025-03-21T14:48:25","modified_gmt":"2025-03-21T17:48:25","slug":"mulher-vitima-de-bala-perdida-morre-em-uniao-da-vitoria","status":"publish","type":"post","link":"https:\/\/radiostudiow.com.br\/site\/2025\/03\/21\/mulher-vitima-de-bala-perdida-morre-em-uniao-da-vitoria\/","title":{"rendered":"Mulher v\u00edtima de bala perdida morre em Uni\u00e3o da Vit\u00f3ria"},"content":{"rendered":"\n<p><\/p>\n\n\n\n<p><\/p>\n\n\n\n<p>Uma mulher de 40 anos, identificada como Joceli Aparecida Cardoso, morreu na manh\u00e3 desta sexta-feira (21) no Hospital Regional de Uni\u00e3o da Vit\u00f3ria.<\/p>\n\n\n\n<p>Ela estava internada desde a madrugada de segunda-feira (17), ap\u00f3s ter sido atingida por um disparo de arma de fogo no abd\u00f4men durante um confronto entre traficantes.<\/p>\n\n\n\n<p>O incidente ocorreu por volta das 00h25, no Conjunto Bento Munhoz da Rocha, no Distrito de S\u00e3o Crist\u00f3v\u00e3o.<\/p>\n\n\n\n<p>&nbsp;Segundo informa\u00e7\u00f5es apuradas, a troca de tiros teve origem em um desentendimento entre dois homens por causa de drogas.<\/p>\n\n\n\n<p>Um deles, de 29 anos, teria comprado entorpecentes de um homem de 25 anos, mas um atraso na entrega gerou uma discuss\u00e3o e evoluiu para uma briga f\u00edsica.<\/p>\n\n\n\n<p><\/p>\n\n\n\n<figure class=\"wp-block-image size-full\"><img loading=\"lazy\" decoding=\"async\" width=\"897\" height=\"204\" src=\"https:\/\/radiostudiow.com.br\/site\/wp-content\/uploads\/2025\/02\/SITE-GRANDE7.png\" alt=\"\" class=\"wp-image-33861\" srcset=\"https:\/\/radiostudiow.com.br\/site\/wp-content\/uploads\/2025\/02\/SITE-GRANDE7.png 897w, https:\/\/radiostudiow.com.br\/site\/wp-content\/uploads\/2025\/02\/SITE-GRANDE7-300x68.png 300w, https:\/\/radiostudiow.com.br\/site\/wp-content\/uploads\/2025\/02\/SITE-GRANDE7-768x175.png 768w\" sizes=\"auto, (max-width: 897px) 100vw, 897px\" \/><\/figure>\n\n\n\n<p>O suposto traficante deixou o local afirmando que retornaria, o que aconteceu cerca de uma hora depois.<\/p>\n\n\n\n<p>Na sequ\u00eancia, tr\u00eas homens caminhavam pela Rua Pedro Stelmachuk quando foram surpreendidos por dois ve\u00edculos.<\/p>\n\n\n\n<p>&nbsp;Pelo menos seis disparos de arma de fogo foram efetuados, atingindo duas pessoas: uma v\u00edtima foi baleada no bra\u00e7o esquerdo e outra na regi\u00e3o lombar. Joceli, que estava dentro de uma resid\u00eancia pr\u00f3xima, foi atingida por um dos tiros. Ela foi socorrida em estado grave, mas n\u00e3o resistiu aos ferimentos.<\/p>\n\n\n\n<p>Os suspeitos fugiram logo ap\u00f3s o ataque e ainda n\u00e3o foram localizados. A Pol\u00edcia Civil instaurou um inqu\u00e9rito para investigar o caso e identificar os respons\u00e1veis pelo crime.<\/p>\n\n\n\n<p><\/p>\n\n\n\n<figure class=\"wp-block-image size-full\"><img loading=\"lazy\" decoding=\"async\" width=\"900\" height=\"408\" src=\"https:\/\/radiostudiow.com.br\/site\/wp-content\/uploads\/2025\/03\/SITE-E-TV-1.png\" alt=\"\" class=\"wp-image-35744\" srcset=\"https:\/\/radiostudiow.com.br\/site\/wp-content\/uploads\/2025\/03\/SITE-E-TV-1.png 900w, https:\/\/radiostudiow.com.br\/site\/wp-content\/uploads\/2025\/03\/SITE-E-TV-1-300x136.png 300w, https:\/\/radiostudiow.com.br\/site\/wp-content\/uploads\/2025\/03\/SITE-E-TV-1-768x348.png 768w\" sizes=\"auto, (max-width: 900px) 100vw, 900px\" \/><\/figure>\n\n\n\n<p>Fonte: Canal 4<\/p>\n","protected":false},"excerpt":{"rendered":"<p>Uma mulher de 40 anos, identificada como Joceli Aparecida Cardoso, morreu na manh\u00e3 desta sexta-feira (21) no Hospital Regional de Uni\u00e3o da Vit\u00f3ria. Ela estava internada desde a madrugada de segunda-feira (17), ap\u00f3s ter sido atingida por um disparo de arma de fogo no abd\u00f4men durante um confronto entre traficantes. O incidente ocorreu por volta [&hellip;]<\/p>\n","protected":false},"author":2,"featured_media":35760,"comment_status":"open","ping_status":"open","sticky":false,"template":"","format":"standard","meta":{"footnotes":""},"categories":[185],"tags":[172],"class_list":["post-35759","post","type-post","status-publish","format-standard","has-post-thumbnail","hentry","category-regional","tag-featured"],"amp_enabled":true,"_links":{"self":[{"href":"https:\/\/radiostudiow.com.br\/site\/wp-json\/wp\/v2\/posts\/35759","targetHints":{"allow":["GET"]}}],"collection":[{"href":"https:\/\/radiostudiow.com.br\/site\/wp-json\/wp\/v2\/posts"}],"about":[{"href":"https:\/\/radiostudiow.com.br\/site\/wp-json\/wp\/v2\/types\/post"}],"author":[{"embeddable":true,"href":"https:\/\/radiostudiow.com.br\/site\/wp-json\/wp\/v2\/users\/2"}],"replies":[{"embeddable":true,"href":"https:\/\/radiostudiow.com.br\/site\/wp-json\/wp\/v2\/comments?post=35759"}],"version-history":[{"count":1,"href":"https:\/\/radiostudiow.com.br\/site\/wp-json\/wp\/v2\/posts\/35759\/revisions"}],"predecessor-version":[{"id":35761,"href":"https:\/\/radiostudiow.com.br\/site\/wp-json\/wp\/v2\/posts\/35759\/revisions\/35761"}],"wp:featuredmedia":[{"embeddable":true,"href":"https:\/\/radiostudiow.com.br\/site\/wp-json\/wp\/v2\/media\/35760"}],"wp:attachment":[{"href":"https:\/\/radiostudiow.com.br\/site\/wp-json\/wp\/v2\/media?parent=35759"}],"wp:term":[{"taxonomy":"category","embeddable":true,"href":"https:\/\/radiostudiow.com.br\/site\/wp-json\/wp\/v2\/categories?post=35759"},{"taxonomy":"post_tag","embeddable":true,"href":"https:\/\/radiostudiow.com.br\/site\/wp-json\/wp\/v2\/tags?post=35759"}],"curies":[{"name":"wp","href":"https:\/\/api.w.org\/{rel}","templated":true}]}}