{"id":35765,"date":"2025-03-21T17:16:22","date_gmt":"2025-03-21T20:16:22","guid":{"rendered":"https:\/\/radiostudiow.com.br\/site\/?p=35765"},"modified":"2025-03-21T18:30:04","modified_gmt":"2025-03-21T21:30:04","slug":"policia-civil-de-teixeira-soares-deflagra-a-operacao-justica-que-resultou-na-prisao-de-quatro-individuos-em-investigacao-de-tentativa-de-homicidio","status":"publish","type":"post","link":"https:\/\/radiostudiow.com.br\/site\/2025\/03\/21\/policia-civil-de-teixeira-soares-deflagra-a-operacao-justica-que-resultou-na-prisao-de-quatro-individuos-em-investigacao-de-tentativa-de-homicidio\/","title":{"rendered":"Policia Civil de Teixeira Soares deflagra a OPERA\u00c7\u00c3O JUSTI\u00c7A, que resultou na Pris\u00e3o de Quatro Indiv\u00edduos, em Investiga\u00e7\u00e3o de Tentativa de Homic\u00eddio"},"content":{"rendered":"\n<p>Na manh\u00e3 desta sexta-feira, a Pol\u00edcia Civil de Teixeira Soares, com o apoio de Equipes do Setor Operacional de Ponta Grossa e da equipe com c\u00e3es da Guarda Municipal, e o apoio da Equipe da Delegacia de Irati, deflagrou a &#8220;Opera\u00e7\u00e3o Justi\u00e7a&#8221;, uma a\u00e7\u00e3o estrat\u00e9gica que resultou na pris\u00e3o de quatro indiv\u00edduos suspeitos de envolvimento na pr\u00e1tica de um Homic\u00eddio Tentado, ocorrido em Teixeira Soares na data de 13\/03\/25, em via p\u00fablica.<\/p>\n\n\n\n<p>Na noite da referida data os autores emboscaram a v\u00edtima e come\u00e7aram a agredi-la com socos e uma ripa de madeira, derrubando-a ao ch\u00e3o, quando come\u00e7aram a chutar-lhe diversas vezes na cabe\u00e7a. Posteriormente teriam ainda arrastado a v\u00edtima pelo ch\u00e3o com o intuito de ocult\u00e1-la. As agress\u00f5es somente cessaram porque os autores perceberam que haviam sido avistados e temeram a chegada da Pol\u00edcia.<\/p>\n\n\n\n<figure class=\"wp-block-image size-full\"><img loading=\"lazy\" decoding=\"async\" width=\"897\" height=\"204\" src=\"https:\/\/radiostudiow.com.br\/site\/wp-content\/uploads\/2025\/01\/SITE-GRANDE2.png\" alt=\"\" class=\"wp-image-32805\" srcset=\"https:\/\/radiostudiow.com.br\/site\/wp-content\/uploads\/2025\/01\/SITE-GRANDE2.png 897w, https:\/\/radiostudiow.com.br\/site\/wp-content\/uploads\/2025\/01\/SITE-GRANDE2-300x68.png 300w, https:\/\/radiostudiow.com.br\/site\/wp-content\/uploads\/2025\/01\/SITE-GRANDE2-768x175.png 768w\" sizes=\"auto, (max-width: 897px) 100vw, 897px\" \/><\/figure>\n\n\n\n<p>Ap\u00f3s r\u00e1pido trabalho investigativo, foram identificados os 4 autores, os quais s\u00e3o tamb\u00e9m suspeitos envolvimento com o tr\u00e1fico de drogas no munic\u00edpio. Foi representado ao Poder Judici\u00e1rio pela Pris\u00e3o Preventiva dos envolvidos no crime, sendo todos presos nesta manh\u00e3 durante a Opera\u00e7\u00e3o.<\/p>\n\n\n\n<p>A opera\u00e7\u00e3o foi realizada em resposta a um inqu\u00e9rito aprofundado que visava identificar os autores do crime, assim como tamb\u00e9m desmantelar uma rede criminosa atuante na regi\u00e3o.<\/p>\n\n\n\n<p>O Delegado Wesley Vinicius, que lidera a opera\u00e7\u00e3o, declarou: \u201cA nossa prioridade \u00e9 garantir a seguran\u00e7a da comunidade e levar \u00e0 justi\u00e7a aqueles que promovem o medo e a viol\u00eancia. Esta opera\u00e7\u00e3o representa mais um avan\u00e7o na luta contra os crimes violentos na regi\u00e3o.\u201d<\/p>\n\n\n\n<figure class=\"wp-block-video\"><video height=\"720\" style=\"aspect-ratio: 1280 \/ 720;\" width=\"1280\" controls src=\"https:\/\/radiostudiow.com.br\/site\/wp-content\/uploads\/2025\/03\/WhatsApp-Video-2025-03-21-at-14.02.17-1.mp4\"><\/video><\/figure>\n\n\n\n<figure class=\"wp-block-image size-full\"><img loading=\"lazy\" decoding=\"async\" width=\"900\" height=\"408\" src=\"https:\/\/radiostudiow.com.br\/site\/wp-content\/uploads\/2025\/03\/SITE-E-TV-1.png\" alt=\"\" class=\"wp-image-35744\" srcset=\"https:\/\/radiostudiow.com.br\/site\/wp-content\/uploads\/2025\/03\/SITE-E-TV-1.png 900w, https:\/\/radiostudiow.com.br\/site\/wp-content\/uploads\/2025\/03\/SITE-E-TV-1-300x136.png 300w, https:\/\/radiostudiow.com.br\/site\/wp-content\/uploads\/2025\/03\/SITE-E-TV-1-768x348.png 768w\" sizes=\"auto, (max-width: 900px) 100vw, 900px\" \/><\/figure>\n\n\n\n<p>Os quatro presos foram encaminhados ao Pres\u00eddio Hildebrando de Souza em Ponta Grossa, onde permanecer\u00e3o \u00e0 disposi\u00e7\u00e3o da Justi\u00e7a. As investiga\u00e7\u00f5es continuam com o objetivo de identificar outros envolvidos.<\/p>\n\n\n\n<p>A Pol\u00edcia Civil de Teixeira Soares agradece a colabora\u00e7\u00e3o da comunidade e reitera que den\u00fancias pode ser feitas atraves do n\u00famero +55 42 99946-8923.<\/p>\n\n\n\n<p><em>Delegado da PC de Teixeira Soares Wesley Vin\u00edcius<\/em><\/p>\n\n\n\n<figure class=\"wp-block-image size-large\"><img loading=\"lazy\" decoding=\"async\" width=\"1024\" height=\"768\" src=\"https:\/\/radiostudiow.com.br\/site\/wp-content\/uploads\/2025\/03\/image-58-1024x768.png\" alt=\"\" class=\"wp-image-35767\" srcset=\"https:\/\/radiostudiow.com.br\/site\/wp-content\/uploads\/2025\/03\/image-58-1024x768.png 1024w, https:\/\/radiostudiow.com.br\/site\/wp-content\/uploads\/2025\/03\/image-58-300x225.png 300w, https:\/\/radiostudiow.com.br\/site\/wp-content\/uploads\/2025\/03\/image-58-768x576.png 768w, https:\/\/radiostudiow.com.br\/site\/wp-content\/uploads\/2025\/03\/image-58.png 1280w\" sizes=\"auto, (max-width: 1024px) 100vw, 1024px\" \/><\/figure>\n\n\n\n<figure class=\"wp-block-image size-large\"><img loading=\"lazy\" decoding=\"async\" width=\"1024\" height=\"768\" src=\"https:\/\/radiostudiow.com.br\/site\/wp-content\/uploads\/2025\/03\/image-59-1024x768.png\" alt=\"\" class=\"wp-image-35768\" srcset=\"https:\/\/radiostudiow.com.br\/site\/wp-content\/uploads\/2025\/03\/image-59-1024x768.png 1024w, https:\/\/radiostudiow.com.br\/site\/wp-content\/uploads\/2025\/03\/image-59-300x225.png 300w, https:\/\/radiostudiow.com.br\/site\/wp-content\/uploads\/2025\/03\/image-59-768x576.png 768w, https:\/\/radiostudiow.com.br\/site\/wp-content\/uploads\/2025\/03\/image-59-1536x1152.png 1536w, https:\/\/radiostudiow.com.br\/site\/wp-content\/uploads\/2025\/03\/image-59.png 1600w\" sizes=\"auto, (max-width: 1024px) 100vw, 1024px\" \/><\/figure>\n\n\n\n<p><\/p>\n\n\n\n<p>Fonte da Not\u00edcia: Rep\u00f3rter Kiko De Oliveira<\/p>\n","protected":false},"excerpt":{"rendered":"<p>Na manh\u00e3 desta sexta-feira, a Pol\u00edcia Civil de Teixeira Soares, com o apoio de Equipes do Setor Operacional de Ponta Grossa e da equipe com c\u00e3es da Guarda Municipal, e o apoio da Equipe da Delegacia de Irati, deflagrou a &#8220;Opera\u00e7\u00e3o Justi\u00e7a&#8221;, uma a\u00e7\u00e3o estrat\u00e9gica que resultou na pris\u00e3o de quatro indiv\u00edduos suspeitos de envolvimento [&hellip;]<\/p>\n","protected":false},"author":2,"featured_media":35766,"comment_status":"open","ping_status":"open","sticky":false,"template":"","format":"standard","meta":{"footnotes":""},"categories":[2],"tags":[172],"class_list":["post-35765","post","type-post","status-publish","format-standard","has-post-thumbnail","hentry","category-policial","tag-featured"],"amp_enabled":true,"_links":{"self":[{"href":"https:\/\/radiostudiow.com.br\/site\/wp-json\/wp\/v2\/posts\/35765","targetHints":{"allow":["GET"]}}],"collection":[{"href":"https:\/\/radiostudiow.com.br\/site\/wp-json\/wp\/v2\/posts"}],"about":[{"href":"https:\/\/radiostudiow.com.br\/site\/wp-json\/wp\/v2\/types\/post"}],"author":[{"embeddable":true,"href":"https:\/\/radiostudiow.com.br\/site\/wp-json\/wp\/v2\/users\/2"}],"replies":[{"embeddable":true,"href":"https:\/\/radiostudiow.com.br\/site\/wp-json\/wp\/v2\/comments?post=35765"}],"version-history":[{"count":3,"href":"https:\/\/radiostudiow.com.br\/site\/wp-json\/wp\/v2\/posts\/35765\/revisions"}],"predecessor-version":[{"id":35774,"href":"https:\/\/radiostudiow.com.br\/site\/wp-json\/wp\/v2\/posts\/35765\/revisions\/35774"}],"wp:featuredmedia":[{"embeddable":true,"href":"https:\/\/radiostudiow.com.br\/site\/wp-json\/wp\/v2\/media\/35766"}],"wp:attachment":[{"href":"https:\/\/radiostudiow.com.br\/site\/wp-json\/wp\/v2\/media?parent=35765"}],"wp:term":[{"taxonomy":"category","embeddable":true,"href":"https:\/\/radiostudiow.com.br\/site\/wp-json\/wp\/v2\/categories?post=35765"},{"taxonomy":"post_tag","embeddable":true,"href":"https:\/\/radiostudiow.com.br\/site\/wp-json\/wp\/v2\/tags?post=35765"}],"curies":[{"name":"wp","href":"https:\/\/api.w.org\/{rel}","templated":true}]}}