{"id":35778,"date":"2025-03-22T09:22:15","date_gmt":"2025-03-22T12:22:15","guid":{"rendered":"https:\/\/radiostudiow.com.br\/site\/?p=35778"},"modified":"2025-03-22T09:22:16","modified_gmt":"2025-03-22T12:22:16","slug":"policia-militar-de-uniao-da-vitoria-recupera-motocicleta-furtada","status":"publish","type":"post","link":"https:\/\/radiostudiow.com.br\/site\/2025\/03\/22\/policia-militar-de-uniao-da-vitoria-recupera-motocicleta-furtada\/","title":{"rendered":"Pol\u00edcia Militar de Uni\u00e3o da Vit\u00f3ria recupera motocicleta furtada"},"content":{"rendered":"\n<p>Ap\u00f3s levantamento de informa\u00e7\u00f5es de um furto a equipe da Pol\u00edcia Militar de Uni\u00e3o da Vit\u00f3ria realizou patrulhamento pelo bairro Rocio por volta das 14h53min dessa sexta-feira (21).<\/p>\n\n\n\n<p>Os policiais logaram \u00eaxito em localizar uma motocicleta JTA\/Suzuki EN125 furtada em Porto Uni\u00e3o\/SC na ter\u00e7a-feira, 11 de mar\u00e7o de 2025, escondida em \u00e1rea de mata pr\u00f3ximo a UGV.<\/p>\n\n\n\n<p>Posteriormente, o ve\u00edculo foi entregue \u00e0 4\u00aa SDP para as provid\u00eancias.<\/p>\n\n\n\n<figure class=\"wp-block-image size-full\"><img loading=\"lazy\" decoding=\"async\" width=\"598\" height=\"204\" src=\"https:\/\/radiostudiow.com.br\/site\/wp-content\/uploads\/2025\/01\/SITE-MEDIO3.png\" alt=\"\" class=\"wp-image-32815\" srcset=\"https:\/\/radiostudiow.com.br\/site\/wp-content\/uploads\/2025\/01\/SITE-MEDIO3.png 598w, https:\/\/radiostudiow.com.br\/site\/wp-content\/uploads\/2025\/01\/SITE-MEDIO3-300x102.png 300w\" sizes=\"auto, (max-width: 598px) 100vw, 598px\" \/><\/figure>\n","protected":false},"excerpt":{"rendered":"<p>Ap\u00f3s levantamento de informa\u00e7\u00f5es de um furto a equipe da Pol\u00edcia Militar de Uni\u00e3o da Vit\u00f3ria realizou patrulhamento pelo bairro Rocio por volta das 14h53min dessa sexta-feira (21). Os policiais logaram \u00eaxito em localizar uma motocicleta JTA\/Suzuki EN125 furtada em Porto Uni\u00e3o\/SC na ter\u00e7a-feira, 11 de mar\u00e7o de 2025, escondida em \u00e1rea de mata pr\u00f3ximo [&hellip;]<\/p>\n","protected":false},"author":2,"featured_media":35779,"comment_status":"open","ping_status":"open","sticky":false,"template":"","format":"standard","meta":{"footnotes":""},"categories":[2],"tags":[172],"class_list":["post-35778","post","type-post","status-publish","format-standard","has-post-thumbnail","hentry","category-policial","tag-featured"],"amp_enabled":true,"_links":{"self":[{"href":"https:\/\/radiostudiow.com.br\/site\/wp-json\/wp\/v2\/posts\/35778","targetHints":{"allow":["GET"]}}],"collection":[{"href":"https:\/\/radiostudiow.com.br\/site\/wp-json\/wp\/v2\/posts"}],"about":[{"href":"https:\/\/radiostudiow.com.br\/site\/wp-json\/wp\/v2\/types\/post"}],"author":[{"embeddable":true,"href":"https:\/\/radiostudiow.com.br\/site\/wp-json\/wp\/v2\/users\/2"}],"replies":[{"embeddable":true,"href":"https:\/\/radiostudiow.com.br\/site\/wp-json\/wp\/v2\/comments?post=35778"}],"version-history":[{"count":1,"href":"https:\/\/radiostudiow.com.br\/site\/wp-json\/wp\/v2\/posts\/35778\/revisions"}],"predecessor-version":[{"id":35780,"href":"https:\/\/radiostudiow.com.br\/site\/wp-json\/wp\/v2\/posts\/35778\/revisions\/35780"}],"wp:featuredmedia":[{"embeddable":true,"href":"https:\/\/radiostudiow.com.br\/site\/wp-json\/wp\/v2\/media\/35779"}],"wp:attachment":[{"href":"https:\/\/radiostudiow.com.br\/site\/wp-json\/wp\/v2\/media?parent=35778"}],"wp:term":[{"taxonomy":"category","embeddable":true,"href":"https:\/\/radiostudiow.com.br\/site\/wp-json\/wp\/v2\/categories?post=35778"},{"taxonomy":"post_tag","embeddable":true,"href":"https:\/\/radiostudiow.com.br\/site\/wp-json\/wp\/v2\/tags?post=35778"}],"curies":[{"name":"wp","href":"https:\/\/api.w.org\/{rel}","templated":true}]}}