{"id":35781,"date":"2025-03-22T09:24:47","date_gmt":"2025-03-22T12:24:47","guid":{"rendered":"https:\/\/radiostudiow.com.br\/site\/?p=35781"},"modified":"2025-03-22T09:25:42","modified_gmt":"2025-03-22T12:25:42","slug":"policia-militar-prende-dois-individuos","status":"publish","type":"post","link":"https:\/\/radiostudiow.com.br\/site\/2025\/03\/22\/policia-militar-prende-dois-individuos\/","title":{"rendered":"PM de S\u00e3o Mateus do Sul prende dois homens por tr\u00e1fico de drogas"},"content":{"rendered":"\n<p>A equipe da Pol\u00edcia Militar realizou a pris\u00e3o de dois indiv\u00edduos suspeitos de envolvimento com o tr\u00e1fico de drogas no Centro da cidade por volta das 21h31min dessa sexta feira (21).<\/p>\n\n\n\n<p>Durante patrulhamento nas proximidades de um conhecido ponto de venda de entorpecentes, a equipe policial visualizou um homem \u2013 j\u00e1 alvo de den\u00fancias por tr\u00e1fico \u2013 entregando um objeto a um motoboy. Diante da suspeita, os agentes realizaram a abordagem.<\/p>\n\n\n\n<figure class=\"wp-block-image size-full\"><img loading=\"lazy\" decoding=\"async\" width=\"897\" height=\"204\" src=\"https:\/\/radiostudiow.com.br\/site\/wp-content\/uploads\/2025\/03\/BARAO-NOVO-NOTICIAS-1.jpg\" alt=\"\" class=\"wp-image-35084\" srcset=\"https:\/\/radiostudiow.com.br\/site\/wp-content\/uploads\/2025\/03\/BARAO-NOVO-NOTICIAS-1.jpg 897w, https:\/\/radiostudiow.com.br\/site\/wp-content\/uploads\/2025\/03\/BARAO-NOVO-NOTICIAS-1-300x68.jpg 300w, https:\/\/radiostudiow.com.br\/site\/wp-content\/uploads\/2025\/03\/BARAO-NOVO-NOTICIAS-1-768x175.jpg 768w\" sizes=\"auto, (max-width: 897px) 100vw, 897px\" \/><\/figure>\n\n\n\n<p>Com o denunciado, foram encontradas duas buchas de coca\u00edna, al\u00e9m de ind\u00edcios de que ele havia se desfeito de uma quantidade da subst\u00e2ncia momentos antes da abordagem. J\u00e1 com o motoboy, os policiais localizaram duas por\u00e7\u00f5es de coca\u00edna.<\/p>\n\n\n\n<p>Diante dos fatos, ambos foram detidos e encaminhados \u00e0 3\u00aa Subdivis\u00e3o Policial (3\u00aa SDP), onde permaneceram \u00e0 disposi\u00e7\u00e3o da Justi\u00e7a para as provid\u00eancias cab\u00edveis.<\/p>\n","protected":false},"excerpt":{"rendered":"<p>A equipe da Pol\u00edcia Militar realizou a pris\u00e3o de dois indiv\u00edduos suspeitos de envolvimento com o tr\u00e1fico de drogas no Centro da cidade por volta das 21h31min dessa sexta feira (21). Durante patrulhamento nas proximidades de um conhecido ponto de venda de entorpecentes, a equipe policial visualizou um homem \u2013 j\u00e1 alvo de den\u00fancias por [&hellip;]<\/p>\n","protected":false},"author":2,"featured_media":35782,"comment_status":"open","ping_status":"open","sticky":false,"template":"","format":"standard","meta":{"footnotes":""},"categories":[2],"tags":[172],"class_list":["post-35781","post","type-post","status-publish","format-standard","has-post-thumbnail","hentry","category-policial","tag-featured"],"amp_enabled":true,"_links":{"self":[{"href":"https:\/\/radiostudiow.com.br\/site\/wp-json\/wp\/v2\/posts\/35781","targetHints":{"allow":["GET"]}}],"collection":[{"href":"https:\/\/radiostudiow.com.br\/site\/wp-json\/wp\/v2\/posts"}],"about":[{"href":"https:\/\/radiostudiow.com.br\/site\/wp-json\/wp\/v2\/types\/post"}],"author":[{"embeddable":true,"href":"https:\/\/radiostudiow.com.br\/site\/wp-json\/wp\/v2\/users\/2"}],"replies":[{"embeddable":true,"href":"https:\/\/radiostudiow.com.br\/site\/wp-json\/wp\/v2\/comments?post=35781"}],"version-history":[{"count":2,"href":"https:\/\/radiostudiow.com.br\/site\/wp-json\/wp\/v2\/posts\/35781\/revisions"}],"predecessor-version":[{"id":35785,"href":"https:\/\/radiostudiow.com.br\/site\/wp-json\/wp\/v2\/posts\/35781\/revisions\/35785"}],"wp:featuredmedia":[{"embeddable":true,"href":"https:\/\/radiostudiow.com.br\/site\/wp-json\/wp\/v2\/media\/35782"}],"wp:attachment":[{"href":"https:\/\/radiostudiow.com.br\/site\/wp-json\/wp\/v2\/media?parent=35781"}],"wp:term":[{"taxonomy":"category","embeddable":true,"href":"https:\/\/radiostudiow.com.br\/site\/wp-json\/wp\/v2\/categories?post=35781"},{"taxonomy":"post_tag","embeddable":true,"href":"https:\/\/radiostudiow.com.br\/site\/wp-json\/wp\/v2\/tags?post=35781"}],"curies":[{"name":"wp","href":"https:\/\/api.w.org\/{rel}","templated":true}]}}