{"id":35786,"date":"2025-03-22T09:43:31","date_gmt":"2025-03-22T12:43:31","guid":{"rendered":"https:\/\/radiostudiow.com.br\/site\/?p=35786"},"modified":"2025-03-22T09:44:27","modified_gmt":"2025-03-22T12:44:27","slug":"35786","status":"publish","type":"post","link":"https:\/\/radiostudiow.com.br\/site\/2025\/03\/22\/35786\/","title":{"rendered":"PM de Uni\u00e3o da Vit\u00f3ria apreende arma de fogo. Homem foi preso"},"content":{"rendered":"\n<p>A equipe da Pol\u00edcia Militarem de Uni\u00e3o da Vit\u00f3ria estava em patrulhamento pelo bairro S\u00e3o Domingos quando realizou abordagem a um ve\u00edculo suspeito por volta das 20h18min dessa sexta-feira (21).<\/p>\n\n\n\n<p>Sendo que ap\u00f3s busca veicular foi localizada uma espingarda no porta malas. O abordado relatou que estava no local pois faria a venda da arma de fogo.<\/p>\n\n\n\n<p>Diante dos fatos o autor foi levado para a Delegacia de Pol\u00edcia Civil para as provid\u00eancias da autoridade policial.<\/p>\n\n\n\n<figure class=\"wp-block-image size-full\"><img loading=\"lazy\" decoding=\"async\" width=\"598\" height=\"204\" src=\"https:\/\/radiostudiow.com.br\/site\/wp-content\/uploads\/2025\/01\/SITE-MEDIO7.png\" alt=\"\" class=\"wp-image-32801\" srcset=\"https:\/\/radiostudiow.com.br\/site\/wp-content\/uploads\/2025\/01\/SITE-MEDIO7.png 598w, https:\/\/radiostudiow.com.br\/site\/wp-content\/uploads\/2025\/01\/SITE-MEDIO7-300x102.png 300w\" sizes=\"auto, (max-width: 598px) 100vw, 598px\" \/><\/figure>\n","protected":false},"excerpt":{"rendered":"<p>A equipe da Pol\u00edcia Militarem de Uni\u00e3o da Vit\u00f3ria estava em patrulhamento pelo bairro S\u00e3o Domingos quando realizou abordagem a um ve\u00edculo suspeito por volta das 20h18min dessa sexta-feira (21). Sendo que ap\u00f3s busca veicular foi localizada uma espingarda no porta malas. O abordado relatou que estava no local pois faria a venda da arma [&hellip;]<\/p>\n","protected":false},"author":2,"featured_media":35787,"comment_status":"open","ping_status":"open","sticky":false,"template":"","format":"standard","meta":{"footnotes":""},"categories":[2],"tags":[172],"class_list":["post-35786","post","type-post","status-publish","format-standard","has-post-thumbnail","hentry","category-policial","tag-featured"],"amp_enabled":true,"_links":{"self":[{"href":"https:\/\/radiostudiow.com.br\/site\/wp-json\/wp\/v2\/posts\/35786","targetHints":{"allow":["GET"]}}],"collection":[{"href":"https:\/\/radiostudiow.com.br\/site\/wp-json\/wp\/v2\/posts"}],"about":[{"href":"https:\/\/radiostudiow.com.br\/site\/wp-json\/wp\/v2\/types\/post"}],"author":[{"embeddable":true,"href":"https:\/\/radiostudiow.com.br\/site\/wp-json\/wp\/v2\/users\/2"}],"replies":[{"embeddable":true,"href":"https:\/\/radiostudiow.com.br\/site\/wp-json\/wp\/v2\/comments?post=35786"}],"version-history":[{"count":2,"href":"https:\/\/radiostudiow.com.br\/site\/wp-json\/wp\/v2\/posts\/35786\/revisions"}],"predecessor-version":[{"id":35790,"href":"https:\/\/radiostudiow.com.br\/site\/wp-json\/wp\/v2\/posts\/35786\/revisions\/35790"}],"wp:featuredmedia":[{"embeddable":true,"href":"https:\/\/radiostudiow.com.br\/site\/wp-json\/wp\/v2\/media\/35787"}],"wp:attachment":[{"href":"https:\/\/radiostudiow.com.br\/site\/wp-json\/wp\/v2\/media?parent=35786"}],"wp:term":[{"taxonomy":"category","embeddable":true,"href":"https:\/\/radiostudiow.com.br\/site\/wp-json\/wp\/v2\/categories?post=35786"},{"taxonomy":"post_tag","embeddable":true,"href":"https:\/\/radiostudiow.com.br\/site\/wp-json\/wp\/v2\/tags?post=35786"}],"curies":[{"name":"wp","href":"https:\/\/api.w.org\/{rel}","templated":true}]}}