{"id":35791,"date":"2025-03-22T09:50:25","date_gmt":"2025-03-22T12:50:25","guid":{"rendered":"https:\/\/radiostudiow.com.br\/site\/?p=35791"},"modified":"2025-03-22T09:50:26","modified_gmt":"2025-03-22T12:50:26","slug":"dono-de-bar-e-preso-com-arma-de-fogo-e-municoes-em-uniao-da-vitoria","status":"publish","type":"post","link":"https:\/\/radiostudiow.com.br\/site\/2025\/03\/22\/dono-de-bar-e-preso-com-arma-de-fogo-e-municoes-em-uniao-da-vitoria\/","title":{"rendered":"Dono de bar \u00e9 preso com arma de fogo e muni\u00e7\u00f5es em Uni\u00e3o da Vit\u00f3ria"},"content":{"rendered":"\n<p>As equipes da Pol\u00edcia Militar no cumprimento de Op. Satura\u00e7\u00e3o, realizavam fiscaliza\u00e7\u00e3o intensiva em bares no bairro Nossa Sra. da Salete por volta das 22h54min dessa sexta-feira (21).<\/p>\n\n\n\n<p>Chegou ao conhecimento das equipes que o propriet\u00e1rio de um bar, estaria de posse de uma arma de fogo, realizado a abordagem ao estabelecimento, onde foi localizado uma arma de fogo tipo pistola.<\/p>\n\n\n\n<p>O homem e a arma foram encaminhados a Delegacia de Pol\u00edcia Civil.<\/p>\n\n\n\n<figure class=\"wp-block-image size-full\"><img loading=\"lazy\" decoding=\"async\" width=\"897\" height=\"204\" src=\"https:\/\/radiostudiow.com.br\/site\/wp-content\/uploads\/2025\/01\/SITE-GRANDE.png\" alt=\"\" class=\"wp-image-32809\" srcset=\"https:\/\/radiostudiow.com.br\/site\/wp-content\/uploads\/2025\/01\/SITE-GRANDE.png 897w, https:\/\/radiostudiow.com.br\/site\/wp-content\/uploads\/2025\/01\/SITE-GRANDE-300x68.png 300w, https:\/\/radiostudiow.com.br\/site\/wp-content\/uploads\/2025\/01\/SITE-GRANDE-768x175.png 768w\" sizes=\"auto, (max-width: 897px) 100vw, 897px\" \/><\/figure>\n","protected":false},"excerpt":{"rendered":"<p>As equipes da Pol\u00edcia Militar no cumprimento de Op. Satura\u00e7\u00e3o, realizavam fiscaliza\u00e7\u00e3o intensiva em bares no bairro Nossa Sra. da Salete por volta das 22h54min dessa sexta-feira (21). Chegou ao conhecimento das equipes que o propriet\u00e1rio de um bar, estaria de posse de uma arma de fogo, realizado a abordagem ao estabelecimento, onde foi localizado [&hellip;]<\/p>\n","protected":false},"author":2,"featured_media":35792,"comment_status":"open","ping_status":"open","sticky":false,"template":"","format":"standard","meta":{"footnotes":""},"categories":[2],"tags":[172],"class_list":["post-35791","post","type-post","status-publish","format-standard","has-post-thumbnail","hentry","category-policial","tag-featured"],"amp_enabled":true,"_links":{"self":[{"href":"https:\/\/radiostudiow.com.br\/site\/wp-json\/wp\/v2\/posts\/35791","targetHints":{"allow":["GET"]}}],"collection":[{"href":"https:\/\/radiostudiow.com.br\/site\/wp-json\/wp\/v2\/posts"}],"about":[{"href":"https:\/\/radiostudiow.com.br\/site\/wp-json\/wp\/v2\/types\/post"}],"author":[{"embeddable":true,"href":"https:\/\/radiostudiow.com.br\/site\/wp-json\/wp\/v2\/users\/2"}],"replies":[{"embeddable":true,"href":"https:\/\/radiostudiow.com.br\/site\/wp-json\/wp\/v2\/comments?post=35791"}],"version-history":[{"count":1,"href":"https:\/\/radiostudiow.com.br\/site\/wp-json\/wp\/v2\/posts\/35791\/revisions"}],"predecessor-version":[{"id":35793,"href":"https:\/\/radiostudiow.com.br\/site\/wp-json\/wp\/v2\/posts\/35791\/revisions\/35793"}],"wp:featuredmedia":[{"embeddable":true,"href":"https:\/\/radiostudiow.com.br\/site\/wp-json\/wp\/v2\/media\/35792"}],"wp:attachment":[{"href":"https:\/\/radiostudiow.com.br\/site\/wp-json\/wp\/v2\/media?parent=35791"}],"wp:term":[{"taxonomy":"category","embeddable":true,"href":"https:\/\/radiostudiow.com.br\/site\/wp-json\/wp\/v2\/categories?post=35791"},{"taxonomy":"post_tag","embeddable":true,"href":"https:\/\/radiostudiow.com.br\/site\/wp-json\/wp\/v2\/tags?post=35791"}],"curies":[{"name":"wp","href":"https:\/\/api.w.org\/{rel}","templated":true}]}}