{"id":35796,"date":"2025-03-22T10:30:00","date_gmt":"2025-03-22T13:30:00","guid":{"rendered":"https:\/\/radiostudiow.com.br\/site\/?p=35796"},"modified":"2025-03-22T12:31:07","modified_gmt":"2025-03-22T15:31:07","slug":"carreta-carregada-de-madeira-tomba-as-margens-da-pr-447-em-cruz-machado","status":"publish","type":"post","link":"https:\/\/radiostudiow.com.br\/site\/2025\/03\/22\/carreta-carregada-de-madeira-tomba-as-margens-da-pr-447-em-cruz-machado\/","title":{"rendered":"Carreta carregada de madeira tomba \u00e0s margens da PR-447 em Cruz Machado"},"content":{"rendered":"\n<p>Na manh\u00e3 desta sexta-feira (21), uma carreta carregada de madeira tombou \u00e0s margens da PR-447, no quil\u00f4metro 29, na regi\u00e3o conhecida como K\u00fcrten, em Cruz Machado (PR).<\/p>\n\n\n\n<p>Segundo informa\u00e7\u00f5es preliminares, o motorista do ve\u00edculo n\u00e3o sofreu ferimentos. O acidente tamb\u00e9m n\u00e3o causou interrup\u00e7\u00e3o no tr\u00e2nsito, j\u00e1 que a carreta tombou praticamente fora da pista.<\/p>\n\n\n\n<p>As causas do tombamento ainda n\u00e3o foram esclarecidas, e as autoridades devem apurar as circunst\u00e2ncias do ocorrido.<\/p>\n\n\n\n<p>Fonte: Assis o Rep\u00f3rter<\/p>\n\n\n\n<figure class=\"wp-block-image size-full\"><img decoding=\"async\" src=\"https:\/\/radiostudiow.com.br\/site\/wp-content\/uploads\/2025\/03\/WhatsApp-Image-2025-03-17-at-11.55.02.jpeg\" alt=\"\" class=\"wp-image-35578\"\/><\/figure>\n","protected":false},"excerpt":{"rendered":"<p>Na manh\u00e3 desta sexta-feira (21), uma carreta carregada de madeira tombou \u00e0s margens da PR-447, no quil\u00f4metro 29, na regi\u00e3o conhecida como K\u00fcrten, em Cruz Machado (PR). Segundo informa\u00e7\u00f5es preliminares, o motorista do ve\u00edculo n\u00e3o sofreu ferimentos. O acidente tamb\u00e9m n\u00e3o causou interrup\u00e7\u00e3o no tr\u00e2nsito, j\u00e1 que a carreta tombou praticamente fora da pista. As [&hellip;]<\/p>\n","protected":false},"author":2,"featured_media":35797,"comment_status":"open","ping_status":"open","sticky":false,"template":"","format":"standard","meta":{"footnotes":""},"categories":[185],"tags":[172],"class_list":["post-35796","post","type-post","status-publish","format-standard","has-post-thumbnail","hentry","category-regional","tag-featured"],"amp_enabled":true,"_links":{"self":[{"href":"https:\/\/radiostudiow.com.br\/site\/wp-json\/wp\/v2\/posts\/35796","targetHints":{"allow":["GET"]}}],"collection":[{"href":"https:\/\/radiostudiow.com.br\/site\/wp-json\/wp\/v2\/posts"}],"about":[{"href":"https:\/\/radiostudiow.com.br\/site\/wp-json\/wp\/v2\/types\/post"}],"author":[{"embeddable":true,"href":"https:\/\/radiostudiow.com.br\/site\/wp-json\/wp\/v2\/users\/2"}],"replies":[{"embeddable":true,"href":"https:\/\/radiostudiow.com.br\/site\/wp-json\/wp\/v2\/comments?post=35796"}],"version-history":[{"count":1,"href":"https:\/\/radiostudiow.com.br\/site\/wp-json\/wp\/v2\/posts\/35796\/revisions"}],"predecessor-version":[{"id":35798,"href":"https:\/\/radiostudiow.com.br\/site\/wp-json\/wp\/v2\/posts\/35796\/revisions\/35798"}],"wp:featuredmedia":[{"embeddable":true,"href":"https:\/\/radiostudiow.com.br\/site\/wp-json\/wp\/v2\/media\/35797"}],"wp:attachment":[{"href":"https:\/\/radiostudiow.com.br\/site\/wp-json\/wp\/v2\/media?parent=35796"}],"wp:term":[{"taxonomy":"category","embeddable":true,"href":"https:\/\/radiostudiow.com.br\/site\/wp-json\/wp\/v2\/categories?post=35796"},{"taxonomy":"post_tag","embeddable":true,"href":"https:\/\/radiostudiow.com.br\/site\/wp-json\/wp\/v2\/tags?post=35796"}],"curies":[{"name":"wp","href":"https:\/\/api.w.org\/{rel}","templated":true}]}}