{"id":35806,"date":"2025-03-22T13:11:51","date_gmt":"2025-03-22T16:11:51","guid":{"rendered":"https:\/\/radiostudiow.com.br\/site\/?p=35806"},"modified":"2025-03-22T13:11:51","modified_gmt":"2025-03-22T16:11:51","slug":"carreta-tomba-na-pr-447-em-cruz-machado-e-motorista-fica-ferido","status":"publish","type":"post","link":"https:\/\/radiostudiow.com.br\/site\/2025\/03\/22\/carreta-tomba-na-pr-447-em-cruz-machado-e-motorista-fica-ferido\/","title":{"rendered":"Carreta tomba na PR-447 em Cruz Machado e motorista fica ferido"},"content":{"rendered":"\n<p><\/p>\n\n\n\n<p>Na manh\u00e3 desta sexta-feira (21), uma carreta carregada de t\u00e1buas de madeira de p\u00ednus tombou \u00e0s margens da PR-447, no km 31, na regi\u00e3o dos K\u00fcrten, em Cruz Machado.<\/p>\n\n\n\n<p>O ve\u00edculo, um caminh\u00e3o Mercedes-Benz Axor Trator atrelado a um semirreboque, sofreu danos significativos, assim como parte da carga, que se espalhou fora da pista.<\/p>\n\n\n\n<figure class=\"wp-block-image size-large\"><img loading=\"lazy\" decoding=\"async\" width=\"1024\" height=\"1024\" src=\"https:\/\/radiostudiow.com.br\/site\/wp-content\/uploads\/2025\/03\/486074054_18500017033057063_819914081093364801_n-1024x1024.jpg\" alt=\"\" class=\"wp-image-35807\" srcset=\"https:\/\/radiostudiow.com.br\/site\/wp-content\/uploads\/2025\/03\/486074054_18500017033057063_819914081093364801_n-1024x1024.jpg 1024w, https:\/\/radiostudiow.com.br\/site\/wp-content\/uploads\/2025\/03\/486074054_18500017033057063_819914081093364801_n-300x300.jpg 300w, https:\/\/radiostudiow.com.br\/site\/wp-content\/uploads\/2025\/03\/486074054_18500017033057063_819914081093364801_n-768x768.jpg 768w, https:\/\/radiostudiow.com.br\/site\/wp-content\/uploads\/2025\/03\/486074054_18500017033057063_819914081093364801_n-80x80.jpg 80w, https:\/\/radiostudiow.com.br\/site\/wp-content\/uploads\/2025\/03\/486074054_18500017033057063_819914081093364801_n.jpg 1080w\" sizes=\"auto, (max-width: 1024px) 100vw, 1024px\" \/><\/figure>\n\n\n\n<p><\/p>\n\n\n\n<figure class=\"wp-block-gallery has-nested-images columns-default is-cropped wp-block-gallery-1 is-layout-flex wp-block-gallery-is-layout-flex\">\n<figure class=\"wp-block-image size-large\"><img loading=\"lazy\" decoding=\"async\" width=\"598\" height=\"204\" data-id=\"28854\" src=\"https:\/\/radiostudiow.com.br\/site\/wp-content\/uploads\/2024\/10\/labirati.png\" alt=\"\" class=\"wp-image-28854\" srcset=\"https:\/\/radiostudiow.com.br\/site\/wp-content\/uploads\/2024\/10\/labirati.png 598w, https:\/\/radiostudiow.com.br\/site\/wp-content\/uploads\/2024\/10\/labirati-300x102.png 300w\" sizes=\"auto, (max-width: 598px) 100vw, 598px\" \/><\/figure>\n<\/figure>\n\n\n\n<p><\/p>\n\n\n\n<p>O motorista ficou ferido e foi socorrido pelo Servi\u00e7o de Atendimento M\u00f3vel de Urg\u00eancia (SAMU) de Cruz Machado, sendo encaminhado ao Hospital Municipal Santa Terezinha para atendimento m\u00e9dico.<\/p>\n\n\n\n<p>Devido ao acidente, foi necess\u00e1rio interditar totalmente as duas faixas da rodovia entre 16h50 e 17h30.<\/p>\n\n\n\n<p>Ap\u00f3s esse per\u00edodo, uma faixa foi liberada e o tr\u00e2nsito passou a ser controlado no sistema siga e pare at\u00e9 a conclus\u00e3o do trabalho de remo\u00e7\u00e3o da carreta, que ocorreu por volta das 18h20.<\/p>\n\n\n\n<p>As autoridades policiais alertam os motoristas que trafegam pela regi\u00e3o para que redobrem a aten\u00e7\u00e3o, principalmente em trechos de maior risco onde sempre ocorrem diversos acidentes.<\/p>\n\n\n\n<p><\/p>\n\n\n\n<figure class=\"wp-block-image size-full\"><img decoding=\"async\" src=\"https:\/\/radiostudiow.com.br\/site\/wp-content\/uploads\/2025\/03\/WhatsApp-Image-2025-03-17-at-11.55.02.jpeg\" alt=\"\" class=\"wp-image-35578\"\/><\/figure>\n\n\n\n<p><\/p>\n\n\n\n<figure class=\"wp-block-image size-large\"><img loading=\"lazy\" decoding=\"async\" width=\"1024\" height=\"1024\" src=\"https:\/\/radiostudiow.com.br\/site\/wp-content\/uploads\/2025\/03\/485509057_18500017042057063_4818272046658671257_n-1024x1024.jpg\" alt=\"\" class=\"wp-image-35808\" srcset=\"https:\/\/radiostudiow.com.br\/site\/wp-content\/uploads\/2025\/03\/485509057_18500017042057063_4818272046658671257_n-1024x1024.jpg 1024w, https:\/\/radiostudiow.com.br\/site\/wp-content\/uploads\/2025\/03\/485509057_18500017042057063_4818272046658671257_n-300x300.jpg 300w, https:\/\/radiostudiow.com.br\/site\/wp-content\/uploads\/2025\/03\/485509057_18500017042057063_4818272046658671257_n-768x768.jpg 768w, https:\/\/radiostudiow.com.br\/site\/wp-content\/uploads\/2025\/03\/485509057_18500017042057063_4818272046658671257_n-80x80.jpg 80w, https:\/\/radiostudiow.com.br\/site\/wp-content\/uploads\/2025\/03\/485509057_18500017042057063_4818272046658671257_n.jpg 1080w\" sizes=\"auto, (max-width: 1024px) 100vw, 1024px\" \/><\/figure>\n\n\n\n<p><\/p>\n\n\n\n<p>N\u00e3o foram divulgadas informa\u00e7\u00f5es sobre as causas do tombamento.<\/p>\n\n\n\n<p>FONTE E FOTOS: POL\u00cdCIA RODOVI\u00c1RIA ESTADUAL\/ASSIS O REP\u00d3RTER<\/p>\n","protected":false},"excerpt":{"rendered":"<p>Na manh\u00e3 desta sexta-feira (21), uma carreta carregada de t\u00e1buas de madeira de p\u00ednus tombou \u00e0s margens da PR-447, no km 31, na regi\u00e3o dos K\u00fcrten, em Cruz Machado. O ve\u00edculo, um caminh\u00e3o Mercedes-Benz Axor Trator atrelado a um semirreboque, sofreu danos significativos, assim como parte da carga, que se espalhou fora da pista. O [&hellip;]<\/p>\n","protected":false},"author":2,"featured_media":35809,"comment_status":"open","ping_status":"open","sticky":false,"template":"","format":"standard","meta":{"footnotes":""},"categories":[185],"tags":[172],"class_list":["post-35806","post","type-post","status-publish","format-standard","has-post-thumbnail","hentry","category-regional","tag-featured"],"amp_enabled":true,"_links":{"self":[{"href":"https:\/\/radiostudiow.com.br\/site\/wp-json\/wp\/v2\/posts\/35806","targetHints":{"allow":["GET"]}}],"collection":[{"href":"https:\/\/radiostudiow.com.br\/site\/wp-json\/wp\/v2\/posts"}],"about":[{"href":"https:\/\/radiostudiow.com.br\/site\/wp-json\/wp\/v2\/types\/post"}],"author":[{"embeddable":true,"href":"https:\/\/radiostudiow.com.br\/site\/wp-json\/wp\/v2\/users\/2"}],"replies":[{"embeddable":true,"href":"https:\/\/radiostudiow.com.br\/site\/wp-json\/wp\/v2\/comments?post=35806"}],"version-history":[{"count":1,"href":"https:\/\/radiostudiow.com.br\/site\/wp-json\/wp\/v2\/posts\/35806\/revisions"}],"predecessor-version":[{"id":35810,"href":"https:\/\/radiostudiow.com.br\/site\/wp-json\/wp\/v2\/posts\/35806\/revisions\/35810"}],"wp:featuredmedia":[{"embeddable":true,"href":"https:\/\/radiostudiow.com.br\/site\/wp-json\/wp\/v2\/media\/35809"}],"wp:attachment":[{"href":"https:\/\/radiostudiow.com.br\/site\/wp-json\/wp\/v2\/media?parent=35806"}],"wp:term":[{"taxonomy":"category","embeddable":true,"href":"https:\/\/radiostudiow.com.br\/site\/wp-json\/wp\/v2\/categories?post=35806"},{"taxonomy":"post_tag","embeddable":true,"href":"https:\/\/radiostudiow.com.br\/site\/wp-json\/wp\/v2\/tags?post=35806"}],"curies":[{"name":"wp","href":"https:\/\/api.w.org\/{rel}","templated":true}]}}