{"id":35811,"date":"2025-03-22T14:12:34","date_gmt":"2025-03-22T17:12:34","guid":{"rendered":"https:\/\/radiostudiow.com.br\/site\/?p=35811"},"modified":"2025-03-22T15:19:32","modified_gmt":"2025-03-22T18:19:32","slug":"motociclista-fica-gravemente-ferido-em-colisao-na-br-153-em-irati","status":"publish","type":"post","link":"https:\/\/radiostudiow.com.br\/site\/2025\/03\/22\/motociclista-fica-gravemente-ferido-em-colisao-na-br-153-em-irati\/","title":{"rendered":"Motociclista malletense fica ferido em colis\u00e3o na BR-153, em Irati"},"content":{"rendered":"\n<p><\/p>\n\n\n\n<p>Imagem\/internautas<\/p>\n\n\n\n<p><strong>Na manh\u00e3 deste s\u00e1bado (22), um grave acidente envolvendo uma motocicleta Yamaha azul com placa de Mallet (PR) e um carro com placas de Fernandes Pinheiro (PR), foi registrado na BR-153, no km 335, na regi\u00e3o da Vila S\u00e3o Jo\u00e3o, em Irati.<\/strong><\/p>\n\n\n\n<figure class=\"wp-block-image size-full\"><img decoding=\"async\" src=\"https:\/\/radiostudiow.com.br\/site\/wp-content\/uploads\/2025\/03\/WhatsApp-Image-2025-03-17-at-11.55.02.jpeg\" alt=\"\" class=\"wp-image-35578\"\/><\/figure>\n\n\n\n<p><\/p>\n\n\n\n<p><strong>De acordo com informa\u00e7\u00f5es a colis\u00e3o lateral ocorreu por volta das 11h e deixou um<\/strong> <strong>motociclista Malletense de 23 anos bastante ferido.<\/strong><\/p>\n\n\n\n<p>O jovem, que conduzia a motocicleta, foi socorrido pelo Servi\u00e7o de Atendimento M\u00f3vel de Urg\u00eancia (SAMU) e encaminhado para a Unidade de Pronto Atendimento (UPA) da Vila S\u00e3o Jo\u00e3o para atendimento m\u00e9dico.<\/p>\n\n\n\n<p>O outro ve\u00edculo envolvido na colis\u00e3o foi uma Chevrolet Tracker preta, O condutor, de 53 anos, e a passageira, de 51 anos, sa\u00edram ilesos do acidente.<\/p>\n\n\n\n<figure class=\"wp-block-image size-full\"><img loading=\"lazy\" decoding=\"async\" width=\"897\" height=\"204\" src=\"https:\/\/radiostudiow.com.br\/site\/wp-content\/uploads\/2025\/03\/BARAO-NOVO-NOTICIAS-1.jpg\" alt=\"\" class=\"wp-image-35084\" srcset=\"https:\/\/radiostudiow.com.br\/site\/wp-content\/uploads\/2025\/03\/BARAO-NOVO-NOTICIAS-1.jpg 897w, https:\/\/radiostudiow.com.br\/site\/wp-content\/uploads\/2025\/03\/BARAO-NOVO-NOTICIAS-1-300x68.jpg 300w, https:\/\/radiostudiow.com.br\/site\/wp-content\/uploads\/2025\/03\/BARAO-NOVO-NOTICIAS-1-768x175.jpg 768w\" sizes=\"auto, (max-width: 897px) 100vw, 897px\" \/><\/figure>\n\n\n\n<p><\/p>\n\n\n\n<p>O motorista realizou o teste do baf\u00f4metro, que n\u00e3o indicou ingest\u00e3o de \u00e1lcool.<\/p>\n\n\n\n<p>As autoridades policiais investigam as circunst\u00e2ncias do acidente. <\/p>\n\n\n\n<p>Informa\u00e7\u00e3o PRF<br>Imagem Rede Social\/Divulga\u00e7\u00e3o<br>Colabora\u00e7\u00e3o Rep\u00f3rter Kiko de Oliveira<\/p>\n\n\n\n<p><\/p>\n","protected":false},"excerpt":{"rendered":"<p>Imagem\/internautas Na manh\u00e3 deste s\u00e1bado (22), um grave acidente envolvendo uma motocicleta Yamaha azul com placa de Mallet (PR) e um carro com placas de Fernandes Pinheiro (PR), foi registrado na BR-153, no km 335, na regi\u00e3o da Vila S\u00e3o Jo\u00e3o, em Irati. De acordo com informa\u00e7\u00f5es a colis\u00e3o lateral ocorreu por volta das 11h [&hellip;]<\/p>\n","protected":false},"author":2,"featured_media":35812,"comment_status":"open","ping_status":"open","sticky":false,"template":"","format":"standard","meta":{"footnotes":""},"categories":[185],"tags":[172],"class_list":["post-35811","post","type-post","status-publish","format-standard","has-post-thumbnail","hentry","category-regional","tag-featured"],"amp_enabled":true,"_links":{"self":[{"href":"https:\/\/radiostudiow.com.br\/site\/wp-json\/wp\/v2\/posts\/35811","targetHints":{"allow":["GET"]}}],"collection":[{"href":"https:\/\/radiostudiow.com.br\/site\/wp-json\/wp\/v2\/posts"}],"about":[{"href":"https:\/\/radiostudiow.com.br\/site\/wp-json\/wp\/v2\/types\/post"}],"author":[{"embeddable":true,"href":"https:\/\/radiostudiow.com.br\/site\/wp-json\/wp\/v2\/users\/2"}],"replies":[{"embeddable":true,"href":"https:\/\/radiostudiow.com.br\/site\/wp-json\/wp\/v2\/comments?post=35811"}],"version-history":[{"count":4,"href":"https:\/\/radiostudiow.com.br\/site\/wp-json\/wp\/v2\/posts\/35811\/revisions"}],"predecessor-version":[{"id":35817,"href":"https:\/\/radiostudiow.com.br\/site\/wp-json\/wp\/v2\/posts\/35811\/revisions\/35817"}],"wp:featuredmedia":[{"embeddable":true,"href":"https:\/\/radiostudiow.com.br\/site\/wp-json\/wp\/v2\/media\/35812"}],"wp:attachment":[{"href":"https:\/\/radiostudiow.com.br\/site\/wp-json\/wp\/v2\/media?parent=35811"}],"wp:term":[{"taxonomy":"category","embeddable":true,"href":"https:\/\/radiostudiow.com.br\/site\/wp-json\/wp\/v2\/categories?post=35811"},{"taxonomy":"post_tag","embeddable":true,"href":"https:\/\/radiostudiow.com.br\/site\/wp-json\/wp\/v2\/tags?post=35811"}],"curies":[{"name":"wp","href":"https:\/\/api.w.org\/{rel}","templated":true}]}}