{"id":35831,"date":"2025-03-23T14:54:18","date_gmt":"2025-03-23T17:54:18","guid":{"rendered":"https:\/\/radiostudiow.com.br\/site\/?p=35831"},"modified":"2025-03-23T14:54:19","modified_gmt":"2025-03-23T17:54:19","slug":"bombeiros-resgatam-veiculo-submerso-em-sao-mateus-do-sul","status":"publish","type":"post","link":"https:\/\/radiostudiow.com.br\/site\/2025\/03\/23\/bombeiros-resgatam-veiculo-submerso-em-sao-mateus-do-sul\/","title":{"rendered":"Bombeiros resgatam ve\u00edculo submerso em S\u00e3o Mateus do Sul"},"content":{"rendered":"\n<p>Na manh\u00e3 deste s\u00e1bado (data), o Corpo de Bombeiros de S\u00e3o Mateus do Sul foi acionado para uma opera\u00e7\u00e3o de busca e remo\u00e7\u00e3o de um ve\u00edculo submerso.<\/p>\n\n\n\n<p>&nbsp;O chamado foi recebido pela central de emerg\u00eancia, mobilizando uma equipe especializada para atender \u00e0 ocorr\u00eancia.<\/p>\n\n\n\n<p>Dois Bombeiros Militares, equipados com materiais de busca e equipamentos de mergulho, deslocaram-se at\u00e9 o local indicado.<\/p>\n\n\n\n<p>&nbsp;Utilizando equipamentos aut\u00f4nomos, os mergulhadores localizaram um GM Blazer, com placas de Fazenda Rio Grande-PR, que estava a aproximadamente 10 metros da margem e a uma profundidade de 3 metros.<\/p>\n\n\n\n<p><\/p>\n\n\n\n<figure class=\"wp-block-image size-full\"><img loading=\"lazy\" decoding=\"async\" width=\"897\" height=\"204\" src=\"https:\/\/radiostudiow.com.br\/site\/wp-content\/uploads\/2024\/08\/TIJOLAO.png\" alt=\"\" class=\"wp-image-25951\" srcset=\"https:\/\/radiostudiow.com.br\/site\/wp-content\/uploads\/2024\/08\/TIJOLAO.png 897w, https:\/\/radiostudiow.com.br\/site\/wp-content\/uploads\/2024\/08\/TIJOLAO-300x68.png 300w, https:\/\/radiostudiow.com.br\/site\/wp-content\/uploads\/2024\/08\/TIJOLAO-768x175.png 768w\" sizes=\"auto, (max-width: 897px) 100vw, 897px\" \/><\/figure>\n\n\n\n<p>Ap\u00f3s a identifica\u00e7\u00e3o do autom\u00f3vel, a equipe realizou a amarra\u00e7\u00e3o do ve\u00edculo com cintas de carga e cabos de a\u00e7o. Para a remo\u00e7\u00e3o, um morador da regi\u00e3o cedeu um trator, facilitando a retirada do carro da \u00e1gua.<\/p>\n\n\n\n<p>A opera\u00e7\u00e3o teve in\u00edcio por volta das 10h e foi conclu\u00edda \u00e0s 14h, sem registro de feridos. As causas do incidente ainda est\u00e3o sendo apuradas.<\/p>\n\n\n\n<p>As autoridades policiais seguem investigando o caso para esclarecer as circunst\u00e2ncias que levaram o ve\u00edculo a ficar submerso.<\/p>\n\n\n\n<p><\/p>\n\n\n\n<figure class=\"wp-block-image size-full\"><img decoding=\"async\" src=\"https:\/\/radiostudiow.com.br\/site\/wp-content\/uploads\/2022\/05\/NUTRI-MALLET.jpg\" alt=\"\" class=\"wp-image-7282\"\/><\/figure>\n\n\n\n<p>Fonte: Samas Sul Lista, Corpo de Bombeiros de S\u00e3o Mateus do Sul.<\/p>\n","protected":false},"excerpt":{"rendered":"<p>Na manh\u00e3 deste s\u00e1bado (data), o Corpo de Bombeiros de S\u00e3o Mateus do Sul foi acionado para uma opera\u00e7\u00e3o de busca e remo\u00e7\u00e3o de um ve\u00edculo submerso. &nbsp;O chamado foi recebido pela central de emerg\u00eancia, mobilizando uma equipe especializada para atender \u00e0 ocorr\u00eancia. Dois Bombeiros Militares, equipados com materiais de busca e equipamentos de mergulho, [&hellip;]<\/p>\n","protected":false},"author":2,"featured_media":35832,"comment_status":"open","ping_status":"open","sticky":false,"template":"","format":"standard","meta":{"footnotes":""},"categories":[185],"tags":[172],"class_list":["post-35831","post","type-post","status-publish","format-standard","has-post-thumbnail","hentry","category-regional","tag-featured"],"amp_enabled":true,"_links":{"self":[{"href":"https:\/\/radiostudiow.com.br\/site\/wp-json\/wp\/v2\/posts\/35831","targetHints":{"allow":["GET"]}}],"collection":[{"href":"https:\/\/radiostudiow.com.br\/site\/wp-json\/wp\/v2\/posts"}],"about":[{"href":"https:\/\/radiostudiow.com.br\/site\/wp-json\/wp\/v2\/types\/post"}],"author":[{"embeddable":true,"href":"https:\/\/radiostudiow.com.br\/site\/wp-json\/wp\/v2\/users\/2"}],"replies":[{"embeddable":true,"href":"https:\/\/radiostudiow.com.br\/site\/wp-json\/wp\/v2\/comments?post=35831"}],"version-history":[{"count":2,"href":"https:\/\/radiostudiow.com.br\/site\/wp-json\/wp\/v2\/posts\/35831\/revisions"}],"predecessor-version":[{"id":35834,"href":"https:\/\/radiostudiow.com.br\/site\/wp-json\/wp\/v2\/posts\/35831\/revisions\/35834"}],"wp:featuredmedia":[{"embeddable":true,"href":"https:\/\/radiostudiow.com.br\/site\/wp-json\/wp\/v2\/media\/35832"}],"wp:attachment":[{"href":"https:\/\/radiostudiow.com.br\/site\/wp-json\/wp\/v2\/media?parent=35831"}],"wp:term":[{"taxonomy":"category","embeddable":true,"href":"https:\/\/radiostudiow.com.br\/site\/wp-json\/wp\/v2\/categories?post=35831"},{"taxonomy":"post_tag","embeddable":true,"href":"https:\/\/radiostudiow.com.br\/site\/wp-json\/wp\/v2\/tags?post=35831"}],"curies":[{"name":"wp","href":"https:\/\/api.w.org\/{rel}","templated":true}]}}