{"id":35835,"date":"2025-03-23T15:27:57","date_gmt":"2025-03-23T18:27:57","guid":{"rendered":"https:\/\/radiostudiow.com.br\/site\/?p=35835"},"modified":"2025-03-23T15:27:58","modified_gmt":"2025-03-23T18:27:58","slug":"homem-e-adolescente-sao-presos-por-trafico-de-drogas-em-general-carneiro","status":"publish","type":"post","link":"https:\/\/radiostudiow.com.br\/site\/2025\/03\/23\/homem-e-adolescente-sao-presos-por-trafico-de-drogas-em-general-carneiro\/","title":{"rendered":"Homem e adolescente s\u00e3o presos por tr\u00e1fico de drogas em General Carneiro"},"content":{"rendered":"\n<p>Na tarde deste s\u00e1bado (22), a Pol\u00edcia Militar de General Carneiro realizou a pris\u00e3o de um homem e a apreens\u00e3o de um adolescente por tr\u00e1fico de drogas no bairro S\u00e3o Jo\u00e3o. A ocorr\u00eancia foi registrada por volta das 16h20min, durante um patrulhamento de rotina.<\/p>\n\n\n\n<p>De acordo com a PM, os policiais avistaram dois indiv\u00edduos em atitude suspeita e decidiram abord\u00e1-los. Durante a revista pessoal, foi encontrada com um dos abordados uma quantidade de subst\u00e2ncia an\u00e1loga \u00e0 maconha. J\u00e1 o segundo suspeito n\u00e3o obedeceu \u00e0s ordens dos agentes, desacatando a equipe policial.<\/p>\n\n\n\n<figure class=\"wp-block-image size-full\"><img loading=\"lazy\" decoding=\"async\" width=\"897\" height=\"204\" src=\"https:\/\/radiostudiow.com.br\/site\/wp-content\/uploads\/2025\/02\/SITE-GRANDE7.png\" alt=\"\" class=\"wp-image-33861\" srcset=\"https:\/\/radiostudiow.com.br\/site\/wp-content\/uploads\/2025\/02\/SITE-GRANDE7.png 897w, https:\/\/radiostudiow.com.br\/site\/wp-content\/uploads\/2025\/02\/SITE-GRANDE7-300x68.png 300w, https:\/\/radiostudiow.com.br\/site\/wp-content\/uploads\/2025\/02\/SITE-GRANDE7-768x175.png 768w\" sizes=\"auto, (max-width: 897px) 100vw, 897px\" \/><\/figure>\n\n\n\n<p><\/p>\n\n\n\n<p>Diante da resist\u00eancia, os policiais deram voz de pris\u00e3o ao indiv\u00edduo. Em seguida, com ele foram encontradas diversas pedras de subst\u00e2ncia an\u00e1loga ao crack, refor\u00e7ando a suspeita de tr\u00e1fico de drogas.<\/p>\n\n\n\n<p>Os detidos foram encaminhados \u00e0 4\u00aa Subdivis\u00e3o Policial (SDP), onde permaneceram \u00e0 disposi\u00e7\u00e3o da Justi\u00e7a. O caso segue para investiga\u00e7\u00e3o e as autoridades alertam para a import\u00e2ncia das den\u00fancias an\u00f4nimas no combate ao tr\u00e1fico de entorpecentes.<\/p>\n\n\n\n<p><\/p>\n\n\n\n<figure class=\"wp-block-image size-full\"><img loading=\"lazy\" decoding=\"async\" width=\"598\" height=\"204\" src=\"https:\/\/radiostudiow.com.br\/site\/wp-content\/uploads\/2025\/01\/SITE-MEDIO7.png\" alt=\"\" class=\"wp-image-32801\" srcset=\"https:\/\/radiostudiow.com.br\/site\/wp-content\/uploads\/2025\/01\/SITE-MEDIO7.png 598w, https:\/\/radiostudiow.com.br\/site\/wp-content\/uploads\/2025\/01\/SITE-MEDIO7-300x102.png 300w\" sizes=\"auto, (max-width: 598px) 100vw, 598px\" \/><\/figure>\n","protected":false},"excerpt":{"rendered":"<p>Na tarde deste s\u00e1bado (22), a Pol\u00edcia Militar de General Carneiro realizou a pris\u00e3o de um homem e a apreens\u00e3o de um adolescente por tr\u00e1fico de drogas no bairro S\u00e3o Jo\u00e3o. A ocorr\u00eancia foi registrada por volta das 16h20min, durante um patrulhamento de rotina. De acordo com a PM, os policiais avistaram dois indiv\u00edduos em [&hellip;]<\/p>\n","protected":false},"author":2,"featured_media":35836,"comment_status":"open","ping_status":"open","sticky":false,"template":"","format":"standard","meta":{"footnotes":""},"categories":[2],"tags":[172],"class_list":["post-35835","post","type-post","status-publish","format-standard","has-post-thumbnail","hentry","category-policial","tag-featured"],"amp_enabled":true,"_links":{"self":[{"href":"https:\/\/radiostudiow.com.br\/site\/wp-json\/wp\/v2\/posts\/35835","targetHints":{"allow":["GET"]}}],"collection":[{"href":"https:\/\/radiostudiow.com.br\/site\/wp-json\/wp\/v2\/posts"}],"about":[{"href":"https:\/\/radiostudiow.com.br\/site\/wp-json\/wp\/v2\/types\/post"}],"author":[{"embeddable":true,"href":"https:\/\/radiostudiow.com.br\/site\/wp-json\/wp\/v2\/users\/2"}],"replies":[{"embeddable":true,"href":"https:\/\/radiostudiow.com.br\/site\/wp-json\/wp\/v2\/comments?post=35835"}],"version-history":[{"count":1,"href":"https:\/\/radiostudiow.com.br\/site\/wp-json\/wp\/v2\/posts\/35835\/revisions"}],"predecessor-version":[{"id":35837,"href":"https:\/\/radiostudiow.com.br\/site\/wp-json\/wp\/v2\/posts\/35835\/revisions\/35837"}],"wp:featuredmedia":[{"embeddable":true,"href":"https:\/\/radiostudiow.com.br\/site\/wp-json\/wp\/v2\/media\/35836"}],"wp:attachment":[{"href":"https:\/\/radiostudiow.com.br\/site\/wp-json\/wp\/v2\/media?parent=35835"}],"wp:term":[{"taxonomy":"category","embeddable":true,"href":"https:\/\/radiostudiow.com.br\/site\/wp-json\/wp\/v2\/categories?post=35835"},{"taxonomy":"post_tag","embeddable":true,"href":"https:\/\/radiostudiow.com.br\/site\/wp-json\/wp\/v2\/tags?post=35835"}],"curies":[{"name":"wp","href":"https:\/\/api.w.org\/{rel}","templated":true}]}}