{"id":35841,"date":"2025-03-23T15:48:53","date_gmt":"2025-03-23T18:48:53","guid":{"rendered":"https:\/\/radiostudiow.com.br\/site\/?p=35841"},"modified":"2025-03-23T15:48:54","modified_gmt":"2025-03-23T18:48:54","slug":"casal-e-preso-por-desobediencia-e-desacato-durante-ocorrencia-de-perturbacao-do-sossego-em-paulo-frontin","status":"publish","type":"post","link":"https:\/\/radiostudiow.com.br\/site\/2025\/03\/23\/casal-e-preso-por-desobediencia-e-desacato-durante-ocorrencia-de-perturbacao-do-sossego-em-paulo-frontin\/","title":{"rendered":"Casal \u00e9 preso por desobedi\u00eancia e desacato durante ocorr\u00eancia de perturba\u00e7\u00e3o do sossego em Paulo Frontin"},"content":{"rendered":"\n<p>Na madrugada deste domingo (23), por volta da 01h30, a Pol\u00edcia Militar prendeu um casal na \u00e1rea central de Paulo Frontin por desobedi\u00eancia, amea\u00e7a e desacato. O caso ocorreu durante uma ocorr\u00eancia de perturba\u00e7\u00e3o do sossego.<\/p>\n\n\n\n<p>A equipe da PM foi acionada para verificar uma situa\u00e7\u00e3o em que diversas pessoas estavam bloqueando uma rua de acesso \u00e0 cidade, al\u00e9m de utilizarem som em volume excessivamente alto, incomodando os moradores da regi\u00e3o.<\/p>\n\n\n\n<p>Ao chegarem ao local, os policiais tentaram conter a desordem, momento em que um casal passou a proferir amea\u00e7as e insultos contra a equipe policial. <\/p>\n\n\n\n<figure class=\"wp-block-image size-full\"><img loading=\"lazy\" decoding=\"async\" width=\"900\" height=\"408\" src=\"https:\/\/radiostudiow.com.br\/site\/wp-content\/uploads\/2025\/03\/SITE-E-TV-1.png\" alt=\"\" class=\"wp-image-35744\" srcset=\"https:\/\/radiostudiow.com.br\/site\/wp-content\/uploads\/2025\/03\/SITE-E-TV-1.png 900w, https:\/\/radiostudiow.com.br\/site\/wp-content\/uploads\/2025\/03\/SITE-E-TV-1-300x136.png 300w, https:\/\/radiostudiow.com.br\/site\/wp-content\/uploads\/2025\/03\/SITE-E-TV-1-768x348.png 768w\" sizes=\"auto, (max-width: 900px) 100vw, 900px\" \/><\/figure>\n\n\n\n<p><\/p>\n\n\n\n<p>Diante da atitude hostil e da recusa em obedecer \u00e0s ordens dos agentes, ambos foram presos e encaminhados \u00e0 4\u00aa Subdivis\u00e3o Policial (SDP) de Uni\u00e3o da Vit\u00f3ria para as provid\u00eancias cab\u00edveis.<\/p>\n\n\n\n<p>A Pol\u00edcia Militar refor\u00e7a a import\u00e2ncia do respeito \u00e0 ordem p\u00fablica e alerta que a perturba\u00e7\u00e3o do sossego \u00e9 uma infra\u00e7\u00e3o pass\u00edvel de penaliza\u00e7\u00e3o. <\/p>\n\n\n\n<p>Casos semelhantes devem ser denunciados atrav\u00e9s do telefone 190 da Policia Militar do Paran\u00e1.<\/p>\n\n\n\n<figure class=\"wp-block-image size-large\"><img loading=\"lazy\" decoding=\"async\" width=\"1024\" height=\"768\" src=\"https:\/\/radiostudiow.com.br\/site\/wp-content\/uploads\/2025\/03\/bd07b297-c4ad-4f7b-8b6f-8eddcbc00714-1-1024x768.jpg\" alt=\"\" class=\"wp-image-35842\" srcset=\"https:\/\/radiostudiow.com.br\/site\/wp-content\/uploads\/2025\/03\/bd07b297-c4ad-4f7b-8b6f-8eddcbc00714-1-1024x768.jpg 1024w, https:\/\/radiostudiow.com.br\/site\/wp-content\/uploads\/2025\/03\/bd07b297-c4ad-4f7b-8b6f-8eddcbc00714-1-300x225.jpg 300w, https:\/\/radiostudiow.com.br\/site\/wp-content\/uploads\/2025\/03\/bd07b297-c4ad-4f7b-8b6f-8eddcbc00714-1-768x576.jpg 768w, https:\/\/radiostudiow.com.br\/site\/wp-content\/uploads\/2025\/03\/bd07b297-c4ad-4f7b-8b6f-8eddcbc00714-1-1536x1152.jpg 1536w, https:\/\/radiostudiow.com.br\/site\/wp-content\/uploads\/2025\/03\/bd07b297-c4ad-4f7b-8b6f-8eddcbc00714-1.jpg 1600w\" sizes=\"auto, (max-width: 1024px) 100vw, 1024px\" \/><\/figure>\n","protected":false},"excerpt":{"rendered":"<p>Na madrugada deste domingo (23), por volta da 01h30, a Pol\u00edcia Militar prendeu um casal na \u00e1rea central de Paulo Frontin por desobedi\u00eancia, amea\u00e7a e desacato. O caso ocorreu durante uma ocorr\u00eancia de perturba\u00e7\u00e3o do sossego. A equipe da PM foi acionada para verificar uma situa\u00e7\u00e3o em que diversas pessoas estavam bloqueando uma rua de [&hellip;]<\/p>\n","protected":false},"author":2,"featured_media":35843,"comment_status":"open","ping_status":"open","sticky":false,"template":"","format":"standard","meta":{"footnotes":""},"categories":[2],"tags":[172],"class_list":["post-35841","post","type-post","status-publish","format-standard","has-post-thumbnail","hentry","category-policial","tag-featured"],"amp_enabled":true,"_links":{"self":[{"href":"https:\/\/radiostudiow.com.br\/site\/wp-json\/wp\/v2\/posts\/35841","targetHints":{"allow":["GET"]}}],"collection":[{"href":"https:\/\/radiostudiow.com.br\/site\/wp-json\/wp\/v2\/posts"}],"about":[{"href":"https:\/\/radiostudiow.com.br\/site\/wp-json\/wp\/v2\/types\/post"}],"author":[{"embeddable":true,"href":"https:\/\/radiostudiow.com.br\/site\/wp-json\/wp\/v2\/users\/2"}],"replies":[{"embeddable":true,"href":"https:\/\/radiostudiow.com.br\/site\/wp-json\/wp\/v2\/comments?post=35841"}],"version-history":[{"count":1,"href":"https:\/\/radiostudiow.com.br\/site\/wp-json\/wp\/v2\/posts\/35841\/revisions"}],"predecessor-version":[{"id":35844,"href":"https:\/\/radiostudiow.com.br\/site\/wp-json\/wp\/v2\/posts\/35841\/revisions\/35844"}],"wp:featuredmedia":[{"embeddable":true,"href":"https:\/\/radiostudiow.com.br\/site\/wp-json\/wp\/v2\/media\/35843"}],"wp:attachment":[{"href":"https:\/\/radiostudiow.com.br\/site\/wp-json\/wp\/v2\/media?parent=35841"}],"wp:term":[{"taxonomy":"category","embeddable":true,"href":"https:\/\/radiostudiow.com.br\/site\/wp-json\/wp\/v2\/categories?post=35841"},{"taxonomy":"post_tag","embeddable":true,"href":"https:\/\/radiostudiow.com.br\/site\/wp-json\/wp\/v2\/tags?post=35841"}],"curies":[{"name":"wp","href":"https:\/\/api.w.org\/{rel}","templated":true}]}}