{"id":35845,"date":"2025-03-23T23:53:19","date_gmt":"2025-03-24T02:53:19","guid":{"rendered":"https:\/\/radiostudiow.com.br\/site\/?p=35845"},"modified":"2025-03-23T23:53:19","modified_gmt":"2025-03-24T02:53:19","slug":"grave-acidente-entre-carro-e-carreta-provoca-incendio-e-interdita-br-153","status":"publish","type":"post","link":"https:\/\/radiostudiow.com.br\/site\/2025\/03\/23\/grave-acidente-entre-carro-e-carreta-provoca-incendio-e-interdita-br-153\/","title":{"rendered":"Grave acidente entre carro e carreta provoca inc\u00eandio e interdita BR-153"},"content":{"rendered":"\n<figure class=\"wp-block-image size-full\"><img decoding=\"async\" src=\"https:\/\/radiostudiow.com.br\/site\/wp-content\/uploads\/2025\/03\/WhatsApp-Image-2025-03-17-at-11.55.02.jpeg\" alt=\"\" class=\"wp-image-35578\"\/><\/figure>\n\n\n\n<p><\/p>\n\n\n\n<p style=\"font-size:21px\">Um grave acidente foi registrado na noite deste domingo (23) na BR-153, na localidade conhecida como &#8220;Curva do Romeu&#8221;, entre General Carneiro e o trevo do Horizonte.<\/p>\n\n\n\n<p style=\"font-size:21px\">De acordo com relatos um carro colidiu frontalmente com uma carreta, resultando em um inc\u00eandio logo ap\u00f3s o impacto.<\/p>\n\n\n\n<p style=\"font-size:21px\">Equipes do Corpo de Bombeiros, com apoio do Servi\u00e7o de Atendimento M\u00f3vel de Urg\u00eancia (SAMU) e do Pronto Atendimento (PA), foram mobilizadas para o resgate das v\u00edtimas.<\/p>\n\n\n\n<p style=\"font-size:21px\">Segundo informa\u00e7\u00f5es o autom\u00f3vel ficou preso sob a carreta antes de pegar fogo.<\/p>\n\n\n\n<p style=\"font-size:21px\">At\u00e9 o momento, n\u00e3o h\u00e1 confirma\u00e7\u00e3o sobre o n\u00famero de v\u00edtimas ou o estado de sa\u00fade dos envolvidos.<\/p>\n\n\n\n<p style=\"font-size:21px\">Devido \u00e0 gravidade do acidente, o tr\u00e1fego na rodovia foi completamente bloqueado.<\/p>\n\n\n\n<p style=\"font-size:21px\">Autoridades recomendam que motoristas evitem a regi\u00e3o e busquem rotas alternativas at\u00e9 a libera\u00e7\u00e3o da pista.<\/p>\n\n\n\n<p style=\"font-size:21px\">Mais informa\u00e7\u00f5es ser\u00e3o atualizadas conforme o desenrolar da ocorr\u00eancia.<\/p>\n\n\n\n<p><\/p>\n\n\n\n<p><em>FONTE:\u00a0Canal\u00a04<\/em><\/p>\n\n\n\n<p><\/p>\n\n\n\n<figure class=\"wp-block-image size-full\"><img loading=\"lazy\" decoding=\"async\" width=\"897\" height=\"204\" src=\"https:\/\/radiostudiow.com.br\/site\/wp-content\/uploads\/2025\/02\/SITE-GRANDE7.png\" alt=\"\" class=\"wp-image-33861\" srcset=\"https:\/\/radiostudiow.com.br\/site\/wp-content\/uploads\/2025\/02\/SITE-GRANDE7.png 897w, https:\/\/radiostudiow.com.br\/site\/wp-content\/uploads\/2025\/02\/SITE-GRANDE7-300x68.png 300w, https:\/\/radiostudiow.com.br\/site\/wp-content\/uploads\/2025\/02\/SITE-GRANDE7-768x175.png 768w\" sizes=\"auto, (max-width: 897px) 100vw, 897px\" \/><\/figure>\n","protected":false},"excerpt":{"rendered":"<p>Um grave acidente foi registrado na noite deste domingo (23) na BR-153, na localidade conhecida como &#8220;Curva do Romeu&#8221;, entre General Carneiro e o trevo do Horizonte. De acordo com relatos um carro colidiu frontalmente com uma carreta, resultando em um inc\u00eandio logo ap\u00f3s o impacto. Equipes do Corpo de Bombeiros, com apoio do Servi\u00e7o [&hellip;]<\/p>\n","protected":false},"author":2,"featured_media":35846,"comment_status":"open","ping_status":"open","sticky":false,"template":"","format":"standard","meta":{"footnotes":""},"categories":[185],"tags":[172],"class_list":["post-35845","post","type-post","status-publish","format-standard","has-post-thumbnail","hentry","category-regional","tag-featured"],"amp_enabled":true,"_links":{"self":[{"href":"https:\/\/radiostudiow.com.br\/site\/wp-json\/wp\/v2\/posts\/35845","targetHints":{"allow":["GET"]}}],"collection":[{"href":"https:\/\/radiostudiow.com.br\/site\/wp-json\/wp\/v2\/posts"}],"about":[{"href":"https:\/\/radiostudiow.com.br\/site\/wp-json\/wp\/v2\/types\/post"}],"author":[{"embeddable":true,"href":"https:\/\/radiostudiow.com.br\/site\/wp-json\/wp\/v2\/users\/2"}],"replies":[{"embeddable":true,"href":"https:\/\/radiostudiow.com.br\/site\/wp-json\/wp\/v2\/comments?post=35845"}],"version-history":[{"count":1,"href":"https:\/\/radiostudiow.com.br\/site\/wp-json\/wp\/v2\/posts\/35845\/revisions"}],"predecessor-version":[{"id":35847,"href":"https:\/\/radiostudiow.com.br\/site\/wp-json\/wp\/v2\/posts\/35845\/revisions\/35847"}],"wp:featuredmedia":[{"embeddable":true,"href":"https:\/\/radiostudiow.com.br\/site\/wp-json\/wp\/v2\/media\/35846"}],"wp:attachment":[{"href":"https:\/\/radiostudiow.com.br\/site\/wp-json\/wp\/v2\/media?parent=35845"}],"wp:term":[{"taxonomy":"category","embeddable":true,"href":"https:\/\/radiostudiow.com.br\/site\/wp-json\/wp\/v2\/categories?post=35845"},{"taxonomy":"post_tag","embeddable":true,"href":"https:\/\/radiostudiow.com.br\/site\/wp-json\/wp\/v2\/tags?post=35845"}],"curies":[{"name":"wp","href":"https:\/\/api.w.org\/{rel}","templated":true}]}}