{"id":35849,"date":"2025-03-24T09:38:29","date_gmt":"2025-03-24T12:38:29","guid":{"rendered":"https:\/\/radiostudiow.com.br\/site\/?p=35849"},"modified":"2025-03-24T09:38:29","modified_gmt":"2025-03-24T12:38:29","slug":"caminhao-carregado-com-combustivel-tomba-e-pega-fogo-na-br-476","status":"publish","type":"post","link":"https:\/\/radiostudiow.com.br\/site\/2025\/03\/24\/caminhao-carregado-com-combustivel-tomba-e-pega-fogo-na-br-476\/","title":{"rendered":"Caminh\u00e3o carregado com combust\u00edvel tomba e pega fogo na BR-476"},"content":{"rendered":"\n<p>Na manh\u00e3 desta segunda-feira (24), um caminh\u00e3o carregado com combust\u00edvel tombou e pegou fogo na BR-476, na regi\u00e3o do Mato Preto, entre os munic\u00edpios de S\u00e3o Mateus do Sul e Lapa, no Paran\u00e1. <\/p>\n\n\n\n<p>O Corpo de Bombeiros foi acionado para conter o inc\u00eandio e evitar que as chamas se espalhassem.<\/p>\n\n\n\n<p>Segundo as primeiras informa\u00e7\u00f5es, o acidente ocorreu quando o ve\u00edculo tombou na pista, provocando o inc\u00eandio. <\/p>\n\n\n\n<p>Equipes do Corpo de Bombeiros atuaram rapidamente no local para controlar as chamas. At\u00e9 o momento, n\u00e3o h\u00e1 informa\u00e7\u00f5es sobre o estado de sa\u00fade do motorista.<\/p>\n\n\n\n<figure class=\"wp-block-image size-full\"><img loading=\"lazy\" decoding=\"async\" width=\"897\" height=\"204\" src=\"https:\/\/radiostudiow.com.br\/site\/wp-content\/uploads\/2025\/03\/SITE-GRANDE5.png\" alt=\"\" class=\"wp-image-35420\" srcset=\"https:\/\/radiostudiow.com.br\/site\/wp-content\/uploads\/2025\/03\/SITE-GRANDE5.png 897w, https:\/\/radiostudiow.com.br\/site\/wp-content\/uploads\/2025\/03\/SITE-GRANDE5-300x68.png 300w, https:\/\/radiostudiow.com.br\/site\/wp-content\/uploads\/2025\/03\/SITE-GRANDE5-768x175.png 768w\" sizes=\"auto, (max-width: 897px) 100vw, 897px\" \/><\/figure>\n\n\n\n<p><\/p>\n\n\n\n<p>A Pol\u00edcia Rodovi\u00e1ria Federal (PRF) tamb\u00e9m foi acionada e se deslocou at\u00e9 o local para atender a ocorr\u00eancia e garantir a seguran\u00e7a na rodovia.<\/p>\n\n\n\n<p>Mais detalhes ser\u00e3o divulgados conforme novas informa\u00e7\u00f5es forem apuradas.<\/p>\n\n\n\n<p><em>Foto recebida via WhatsApp.<\/em><\/p>\n\n\n\n<p>Informa\u00e7\u00e3o: Clic Sul News <\/p>\n","protected":false},"excerpt":{"rendered":"<p>Na manh\u00e3 desta segunda-feira (24), um caminh\u00e3o carregado com combust\u00edvel tombou e pegou fogo na BR-476, na regi\u00e3o do Mato Preto, entre os munic\u00edpios de S\u00e3o Mateus do Sul e Lapa, no Paran\u00e1. O Corpo de Bombeiros foi acionado para conter o inc\u00eandio e evitar que as chamas se espalhassem. Segundo as primeiras informa\u00e7\u00f5es, o [&hellip;]<\/p>\n","protected":false},"author":2,"featured_media":35850,"comment_status":"open","ping_status":"open","sticky":false,"template":"","format":"standard","meta":{"footnotes":""},"categories":[185],"tags":[172],"class_list":["post-35849","post","type-post","status-publish","format-standard","has-post-thumbnail","hentry","category-regional","tag-featured"],"amp_enabled":true,"_links":{"self":[{"href":"https:\/\/radiostudiow.com.br\/site\/wp-json\/wp\/v2\/posts\/35849","targetHints":{"allow":["GET"]}}],"collection":[{"href":"https:\/\/radiostudiow.com.br\/site\/wp-json\/wp\/v2\/posts"}],"about":[{"href":"https:\/\/radiostudiow.com.br\/site\/wp-json\/wp\/v2\/types\/post"}],"author":[{"embeddable":true,"href":"https:\/\/radiostudiow.com.br\/site\/wp-json\/wp\/v2\/users\/2"}],"replies":[{"embeddable":true,"href":"https:\/\/radiostudiow.com.br\/site\/wp-json\/wp\/v2\/comments?post=35849"}],"version-history":[{"count":1,"href":"https:\/\/radiostudiow.com.br\/site\/wp-json\/wp\/v2\/posts\/35849\/revisions"}],"predecessor-version":[{"id":35851,"href":"https:\/\/radiostudiow.com.br\/site\/wp-json\/wp\/v2\/posts\/35849\/revisions\/35851"}],"wp:featuredmedia":[{"embeddable":true,"href":"https:\/\/radiostudiow.com.br\/site\/wp-json\/wp\/v2\/media\/35850"}],"wp:attachment":[{"href":"https:\/\/radiostudiow.com.br\/site\/wp-json\/wp\/v2\/media?parent=35849"}],"wp:term":[{"taxonomy":"category","embeddable":true,"href":"https:\/\/radiostudiow.com.br\/site\/wp-json\/wp\/v2\/categories?post=35849"},{"taxonomy":"post_tag","embeddable":true,"href":"https:\/\/radiostudiow.com.br\/site\/wp-json\/wp\/v2\/tags?post=35849"}],"curies":[{"name":"wp","href":"https:\/\/api.w.org\/{rel}","templated":true}]}}