{"id":35860,"date":"2025-03-24T10:26:22","date_gmt":"2025-03-24T13:26:22","guid":{"rendered":"https:\/\/radiostudiow.com.br\/site\/?p=35860"},"modified":"2025-03-24T10:36:58","modified_gmt":"2025-03-24T13:36:58","slug":"atencao-caminhao-carregado-com-20-mil-litros-de-combustivel-que-pegou-fogo-na-br-476-tem-placas-de-mallet","status":"publish","type":"post","link":"https:\/\/radiostudiow.com.br\/site\/2025\/03\/24\/atencao-caminhao-carregado-com-20-mil-litros-de-combustivel-que-pegou-fogo-na-br-476-tem-placas-de-mallet\/","title":{"rendered":"ATEN\u00c7\u00c3O! Caminh\u00e3o carregado com 20 mil litros de combust\u00edvel que pegou fogo na BR-476 tem placas de Mallet"},"content":{"rendered":"\n<p><\/p>\n\n\n\n<p><em>Na manh\u00e3 desta segunda-feira, 24, um caminh\u00e3o-tanque carregado com 20 mil litros de combust\u00edvel \u2014 entre gasolina, diesel e \u00e1lcool \u2014 pegou fogo na BR-476, na altura do km 228, no trecho entre os munic\u00edpios de Lapa e S\u00e3o Mateus do Sul.<\/em><\/p>\n\n\n\n<p>De acordo com o Portal VVale, <strong>o<em> caminh\u00e3o, que tem placas aqui da cidade de Mallet.<\/em><\/strong><\/p>\n\n\n\n<figure class=\"wp-block-image size-full\"><img loading=\"lazy\" decoding=\"async\" width=\"720\" height=\"404\" src=\"https:\/\/radiostudiow.com.br\/site\/wp-content\/uploads\/2025\/03\/WhatsApp-Image-2025-03-24-at-10.07.59-720x404-1.jpeg\" alt=\"\" class=\"wp-image-35861\" srcset=\"https:\/\/radiostudiow.com.br\/site\/wp-content\/uploads\/2025\/03\/WhatsApp-Image-2025-03-24-at-10.07.59-720x404-1.jpeg 720w, https:\/\/radiostudiow.com.br\/site\/wp-content\/uploads\/2025\/03\/WhatsApp-Image-2025-03-24-at-10.07.59-720x404-1-300x168.jpeg 300w\" sizes=\"auto, (max-width: 720px) 100vw, 720px\" \/><\/figure>\n\n\n\n<p><\/p>\n\n\n\n<p>O<em>s bombeiros seguem em trabalho de preven\u00e7\u00e3o e monitoramento para evitar outros incidentes.<\/em><\/p>\n\n\n\n<p><\/p>\n\n\n\n<p><em>O Corpo de Bombeiros da Lapa foi o primeiro a ser acionado e iniciou os trabalhos de conten\u00e7\u00e3o das chamas. Para refor\u00e7ar a opera\u00e7\u00e3o, uma equipe dos Bombeiros de S\u00e3o Mateus do Sul foi deslocada \u00e0s 6h55 para prestar apoio.<\/em><\/p>\n\n\n\n<figure class=\"wp-block-image size-full\"><img loading=\"lazy\" decoding=\"async\" width=\"897\" height=\"204\" src=\"https:\/\/radiostudiow.com.br\/site\/wp-content\/uploads\/2025\/03\/BARAO-NOVO-NOTICIAS-1.jpg\" alt=\"\" class=\"wp-image-35084\" srcset=\"https:\/\/radiostudiow.com.br\/site\/wp-content\/uploads\/2025\/03\/BARAO-NOVO-NOTICIAS-1.jpg 897w, https:\/\/radiostudiow.com.br\/site\/wp-content\/uploads\/2025\/03\/BARAO-NOVO-NOTICIAS-1-300x68.jpg 300w, https:\/\/radiostudiow.com.br\/site\/wp-content\/uploads\/2025\/03\/BARAO-NOVO-NOTICIAS-1-768x175.jpg 768w\" sizes=\"auto, (max-width: 897px) 100vw, 897px\" \/><\/figure>\n\n\n\n<p><\/p>\n\n\n\n<p><em>Apesar do risco elevado devido \u00e0 carga altamente inflam\u00e1vel, <strong>o inc\u00eandio foi controlado pelas equipes, e n\u00e3o houve v\u00edtimas.<\/strong><\/em><\/p>\n\n\n\n<p><\/p>\n\n\n\n<p><em>A rodovia chegou a registrar lentid\u00e3o durante o atendimento, e a causa do inc\u00eandio ainda ser\u00e1 investigada.<\/em><\/p>\n\n\n\n<p><\/p>\n\n\n\n<p>FONTE: Portal VVale.<\/p>\n","protected":false},"excerpt":{"rendered":"<p>Na manh\u00e3 desta segunda-feira, 24, um caminh\u00e3o-tanque carregado com 20 mil litros de combust\u00edvel \u2014 entre gasolina, diesel e \u00e1lcool \u2014 pegou fogo na BR-476, na altura do km 228, no trecho entre os munic\u00edpios de Lapa e S\u00e3o Mateus do Sul. De acordo com o Portal VVale, o caminh\u00e3o, que tem placas aqui da [&hellip;]<\/p>\n","protected":false},"author":2,"featured_media":35862,"comment_status":"open","ping_status":"open","sticky":false,"template":"","format":"standard","meta":{"footnotes":""},"categories":[184],"tags":[172],"class_list":["post-35860","post","type-post","status-publish","format-standard","has-post-thumbnail","hentry","category-local","tag-featured"],"amp_enabled":true,"_links":{"self":[{"href":"https:\/\/radiostudiow.com.br\/site\/wp-json\/wp\/v2\/posts\/35860","targetHints":{"allow":["GET"]}}],"collection":[{"href":"https:\/\/radiostudiow.com.br\/site\/wp-json\/wp\/v2\/posts"}],"about":[{"href":"https:\/\/radiostudiow.com.br\/site\/wp-json\/wp\/v2\/types\/post"}],"author":[{"embeddable":true,"href":"https:\/\/radiostudiow.com.br\/site\/wp-json\/wp\/v2\/users\/2"}],"replies":[{"embeddable":true,"href":"https:\/\/radiostudiow.com.br\/site\/wp-json\/wp\/v2\/comments?post=35860"}],"version-history":[{"count":1,"href":"https:\/\/radiostudiow.com.br\/site\/wp-json\/wp\/v2\/posts\/35860\/revisions"}],"predecessor-version":[{"id":35863,"href":"https:\/\/radiostudiow.com.br\/site\/wp-json\/wp\/v2\/posts\/35860\/revisions\/35863"}],"wp:featuredmedia":[{"embeddable":true,"href":"https:\/\/radiostudiow.com.br\/site\/wp-json\/wp\/v2\/media\/35862"}],"wp:attachment":[{"href":"https:\/\/radiostudiow.com.br\/site\/wp-json\/wp\/v2\/media?parent=35860"}],"wp:term":[{"taxonomy":"category","embeddable":true,"href":"https:\/\/radiostudiow.com.br\/site\/wp-json\/wp\/v2\/categories?post=35860"},{"taxonomy":"post_tag","embeddable":true,"href":"https:\/\/radiostudiow.com.br\/site\/wp-json\/wp\/v2\/tags?post=35860"}],"curies":[{"name":"wp","href":"https:\/\/api.w.org\/{rel}","templated":true}]}}