{"id":35872,"date":"2025-03-24T11:23:07","date_gmt":"2025-03-24T14:23:07","guid":{"rendered":"https:\/\/radiostudiow.com.br\/site\/?p=35872"},"modified":"2025-03-24T11:23:08","modified_gmt":"2025-03-24T14:23:08","slug":"veiculo-sai-da-pista-e-bate-em-barranco-na-br-476","status":"publish","type":"post","link":"https:\/\/radiostudiow.com.br\/site\/2025\/03\/24\/veiculo-sai-da-pista-e-bate-em-barranco-na-br-476\/","title":{"rendered":"Ve\u00edculo sai da pista e bate em barranco na BR-476"},"content":{"rendered":"\n<p>No final da tarde deste domingo, 23, um ve\u00edculo rodou na pista e saiu da rodovia na BR-476, antes da entrada do Bonito, no sentido Lapa.<\/p>\n\n\n\n<p>O carro colidiu contra um barranco, mas o motorista, que estava sozinho, n\u00e3o sofreu ferimentos. O acidente resultou apenas em danos materiais.<\/p>\n\n\n\n<figure class=\"wp-block-image size-full\"><img loading=\"lazy\" decoding=\"async\" width=\"598\" height=\"204\" src=\"https:\/\/radiostudiow.com.br\/site\/wp-content\/uploads\/2025\/01\/SITE-MEDIO.png\" alt=\"\" class=\"wp-image-32810\" srcset=\"https:\/\/radiostudiow.com.br\/site\/wp-content\/uploads\/2025\/01\/SITE-MEDIO.png 598w, https:\/\/radiostudiow.com.br\/site\/wp-content\/uploads\/2025\/01\/SITE-MEDIO-300x102.png 300w\" sizes=\"auto, (max-width: 598px) 100vw, 598px\" \/><\/figure>\n\n\n\n<p>Testemunhas relataram que o condutor perdeu o controle ao fazer a curva, o que fez o ve\u00edculo girar na pista antes de bater no barranco. Apesar do impacto, ele n\u00e3o precisou de atendimento m\u00e9dico.<\/p>\n\n\n\n<p>Motoristas que trafegam pelo trecho devem ter aten\u00e7\u00e3o redobrada, principalmente em curvas e em condi\u00e7\u00f5es de pista molhada ou escorregadia.<\/p>\n","protected":false},"excerpt":{"rendered":"<p>No final da tarde deste domingo, 23, um ve\u00edculo rodou na pista e saiu da rodovia na BR-476, antes da entrada do Bonito, no sentido Lapa. O carro colidiu contra um barranco, mas o motorista, que estava sozinho, n\u00e3o sofreu ferimentos. O acidente resultou apenas em danos materiais. Testemunhas relataram que o condutor perdeu o [&hellip;]<\/p>\n","protected":false},"author":2,"featured_media":35874,"comment_status":"open","ping_status":"open","sticky":false,"template":"","format":"standard","meta":{"footnotes":""},"categories":[185],"tags":[172],"class_list":["post-35872","post","type-post","status-publish","format-standard","has-post-thumbnail","hentry","category-regional","tag-featured"],"amp_enabled":true,"_links":{"self":[{"href":"https:\/\/radiostudiow.com.br\/site\/wp-json\/wp\/v2\/posts\/35872","targetHints":{"allow":["GET"]}}],"collection":[{"href":"https:\/\/radiostudiow.com.br\/site\/wp-json\/wp\/v2\/posts"}],"about":[{"href":"https:\/\/radiostudiow.com.br\/site\/wp-json\/wp\/v2\/types\/post"}],"author":[{"embeddable":true,"href":"https:\/\/radiostudiow.com.br\/site\/wp-json\/wp\/v2\/users\/2"}],"replies":[{"embeddable":true,"href":"https:\/\/radiostudiow.com.br\/site\/wp-json\/wp\/v2\/comments?post=35872"}],"version-history":[{"count":1,"href":"https:\/\/radiostudiow.com.br\/site\/wp-json\/wp\/v2\/posts\/35872\/revisions"}],"predecessor-version":[{"id":35875,"href":"https:\/\/radiostudiow.com.br\/site\/wp-json\/wp\/v2\/posts\/35872\/revisions\/35875"}],"wp:featuredmedia":[{"embeddable":true,"href":"https:\/\/radiostudiow.com.br\/site\/wp-json\/wp\/v2\/media\/35874"}],"wp:attachment":[{"href":"https:\/\/radiostudiow.com.br\/site\/wp-json\/wp\/v2\/media?parent=35872"}],"wp:term":[{"taxonomy":"category","embeddable":true,"href":"https:\/\/radiostudiow.com.br\/site\/wp-json\/wp\/v2\/categories?post=35872"},{"taxonomy":"post_tag","embeddable":true,"href":"https:\/\/radiostudiow.com.br\/site\/wp-json\/wp\/v2\/tags?post=35872"}],"curies":[{"name":"wp","href":"https:\/\/api.w.org\/{rel}","templated":true}]}}