{"id":35876,"date":"2025-03-24T11:52:12","date_gmt":"2025-03-24T14:52:12","guid":{"rendered":"https:\/\/radiostudiow.com.br\/site\/?p=35876"},"modified":"2025-03-24T11:52:12","modified_gmt":"2025-03-24T14:52:12","slug":"condutor-de-bicicleta-motorizada-fica-ferido-apos-acidente-no-centro","status":"publish","type":"post","link":"https:\/\/radiostudiow.com.br\/site\/2025\/03\/24\/condutor-de-bicicleta-motorizada-fica-ferido-apos-acidente-no-centro\/","title":{"rendered":"Condutor de bicicleta motorizada fica ferido ap\u00f3s acidente no centro"},"content":{"rendered":"\n<p>Um acidente entre uma bicicleta motorizada e um autom\u00f3vel foi registrado na manh\u00e3 desta segunda-feira, 24 no centro de Uni\u00e3o da Vit\u00f3ria.<\/p>\n\n\n\n<p>O condutor da bicicleta, um senhor, sofreu ferimentos e foi socorrido pela equipe do Corpo de Bombeiros.<\/p>\n\n\n\n<figure class=\"wp-block-image size-full\"><img loading=\"lazy\" decoding=\"async\" width=\"897\" height=\"204\" src=\"https:\/\/radiostudiow.com.br\/site\/wp-content\/uploads\/2025\/01\/SITE-GRANDE3.png\" alt=\"\" class=\"wp-image-32900\" srcset=\"https:\/\/radiostudiow.com.br\/site\/wp-content\/uploads\/2025\/01\/SITE-GRANDE3.png 897w, https:\/\/radiostudiow.com.br\/site\/wp-content\/uploads\/2025\/01\/SITE-GRANDE3-300x68.png 300w, https:\/\/radiostudiow.com.br\/site\/wp-content\/uploads\/2025\/01\/SITE-GRANDE3-768x175.png 768w\" sizes=\"auto, (max-width: 897px) 100vw, 897px\" \/><\/figure>\n\n\n\n<p>Segundo informa\u00e7\u00f5es preliminares, o motorista do autom\u00f3vel envolvido no acidente evadiu-se do local sem prestar socorro \u00e0 v\u00edtima.\u00a0At\u00e9 o momento, n\u00e3o foi poss\u00edvel identificar o condutor nem o ve\u00edculo, que deixou a cena antes da chegada das autoridades.<\/p>\n\n\n\n<p>O Corpo de Bombeiros foi acionado rapidamente e prestou os primeiros atendimentos ao ciclista, que foi encaminhado para avalia\u00e7\u00e3o m\u00e9dica.<\/p>\n","protected":false},"excerpt":{"rendered":"<p>Um acidente entre uma bicicleta motorizada e um autom\u00f3vel foi registrado na manh\u00e3 desta segunda-feira, 24 no centro de Uni\u00e3o da Vit\u00f3ria. O condutor da bicicleta, um senhor, sofreu ferimentos e foi socorrido pela equipe do Corpo de Bombeiros. Segundo informa\u00e7\u00f5es preliminares, o motorista do autom\u00f3vel envolvido no acidente evadiu-se do local sem prestar socorro [&hellip;]<\/p>\n","protected":false},"author":2,"featured_media":35877,"comment_status":"open","ping_status":"open","sticky":false,"template":"","format":"standard","meta":{"footnotes":""},"categories":[2],"tags":[172],"class_list":["post-35876","post","type-post","status-publish","format-standard","has-post-thumbnail","hentry","category-policial","tag-featured"],"amp_enabled":true,"_links":{"self":[{"href":"https:\/\/radiostudiow.com.br\/site\/wp-json\/wp\/v2\/posts\/35876","targetHints":{"allow":["GET"]}}],"collection":[{"href":"https:\/\/radiostudiow.com.br\/site\/wp-json\/wp\/v2\/posts"}],"about":[{"href":"https:\/\/radiostudiow.com.br\/site\/wp-json\/wp\/v2\/types\/post"}],"author":[{"embeddable":true,"href":"https:\/\/radiostudiow.com.br\/site\/wp-json\/wp\/v2\/users\/2"}],"replies":[{"embeddable":true,"href":"https:\/\/radiostudiow.com.br\/site\/wp-json\/wp\/v2\/comments?post=35876"}],"version-history":[{"count":1,"href":"https:\/\/radiostudiow.com.br\/site\/wp-json\/wp\/v2\/posts\/35876\/revisions"}],"predecessor-version":[{"id":35878,"href":"https:\/\/radiostudiow.com.br\/site\/wp-json\/wp\/v2\/posts\/35876\/revisions\/35878"}],"wp:featuredmedia":[{"embeddable":true,"href":"https:\/\/radiostudiow.com.br\/site\/wp-json\/wp\/v2\/media\/35877"}],"wp:attachment":[{"href":"https:\/\/radiostudiow.com.br\/site\/wp-json\/wp\/v2\/media?parent=35876"}],"wp:term":[{"taxonomy":"category","embeddable":true,"href":"https:\/\/radiostudiow.com.br\/site\/wp-json\/wp\/v2\/categories?post=35876"},{"taxonomy":"post_tag","embeddable":true,"href":"https:\/\/radiostudiow.com.br\/site\/wp-json\/wp\/v2\/tags?post=35876"}],"curies":[{"name":"wp","href":"https:\/\/api.w.org\/{rel}","templated":true}]}}