{"id":35880,"date":"2025-03-24T16:31:37","date_gmt":"2025-03-24T19:31:37","guid":{"rendered":"https:\/\/radiostudiow.com.br\/site\/?p=35880"},"modified":"2025-03-24T16:31:38","modified_gmt":"2025-03-24T19:31:38","slug":"atualizacao-a-colisao-entre-carreta-e-audi-deixou-tres-feridos-e-carga-saqueada-na-br-153","status":"publish","type":"post","link":"https:\/\/radiostudiow.com.br\/site\/2025\/03\/24\/atualizacao-a-colisao-entre-carreta-e-audi-deixou-tres-feridos-e-carga-saqueada-na-br-153\/","title":{"rendered":"ATUALIZA\u00c7\u00c3O: A colis\u00e3o entre carreta e Audi deixou tr\u00eas feridos e carga saqueada na BR-153"},"content":{"rendered":"\n<p>O grave acidente registrado na noite deste domingo (23) na BR-153, no quil\u00f4metro 498, na conhecida &#8220;curva do Romeu&#8221;, entre General Carneiro e o trevo do Horizonte, teve uma colis\u00e3o frontal e envolveu um autom\u00f3vel Audi, com placas de Ponte Serrada (SC), e uma carreta carregada de caixas de leite, registrada em Conc\u00f3rdia (SC).<\/p>\n\n\n\n<p>De acordo com informa\u00e7\u00f5es o impacto da batida mobilizou uma grande opera\u00e7\u00e3o de resgate, que contou com a atua\u00e7\u00e3o do Corpo de Bombeiros de General Carneiro, do SAMU e do Pronto Atendimento (PA) da regi\u00e3o.<\/p>\n\n\n\n<p>&nbsp;Os trabalhos das equipes de emerg\u00eancia se estenderam por horas, com o atendimento sendo finalizado por volta da 1h desta segunda-feira (24), ap\u00f3s controle das chamas e libera\u00e7\u00e3o parcial da pista.<\/p>\n\n\n\n<figure class=\"wp-block-image size-full\"><img loading=\"lazy\" decoding=\"async\" width=\"300\" height=\"462\" src=\"https:\/\/radiostudiow.com.br\/site\/wp-content\/uploads\/2025\/03\/acid-2.jpg\" alt=\"\" class=\"wp-image-35881\" srcset=\"https:\/\/radiostudiow.com.br\/site\/wp-content\/uploads\/2025\/03\/acid-2.jpg 300w, https:\/\/radiostudiow.com.br\/site\/wp-content\/uploads\/2025\/03\/acid-2-195x300.jpg 195w\" sizes=\"auto, (max-width: 300px) 100vw, 300px\" \/><\/figure>\n\n\n\n<p><\/p>\n\n\n\n<figure class=\"wp-block-image size-full\"><img loading=\"lazy\" decoding=\"async\" width=\"598\" height=\"204\" src=\"https:\/\/radiostudiow.com.br\/site\/wp-content\/uploads\/2024\/10\/labirati.png\" alt=\"\" class=\"wp-image-28854\" srcset=\"https:\/\/radiostudiow.com.br\/site\/wp-content\/uploads\/2024\/10\/labirati.png 598w, https:\/\/radiostudiow.com.br\/site\/wp-content\/uploads\/2024\/10\/labirati-300x102.png 300w\" sizes=\"auto, (max-width: 598px) 100vw, 598px\" \/><\/figure>\n\n\n\n<p><\/p>\n\n\n\n<p>Tr\u00eas ocupantes do Audi foram socorridos por terceiros e encaminhados ao hospital de Palmas (PR).<\/p>\n\n\n\n<p>At\u00e9 o momento, n\u00e3o h\u00e1 informa\u00e7\u00f5es detalhadas sobre o estado de sa\u00fade das v\u00edtimas. O motorista da carreta sofreu apenas escoria\u00e7\u00f5es no joelho e passa bem.<\/p>\n\n\n\n<p>As primeiras apura\u00e7\u00f5es indicam que havia \u00f3leo na pista, fator que pode ter contribu\u00eddo para a colis\u00e3o. Al\u00e9m dos danos materiais e das v\u00edtimas, a carga de leite transportada pela carreta foi parcialmente saqueada por populares.<\/p>\n\n\n\n<p>No entanto, devido ao calor provocado pelo inc\u00eandio, suspeita-se que o conte\u00fado tenha sido comprometido, apresentando riscos para o consumo.<\/p>\n\n\n\n<p>As autoridades seguem investigando as causas do acidente e alertam para os perigos de saquear cargas de ve\u00edculos acidentados, especialmente quando h\u00e1 risco de contamina\u00e7\u00e3o dos produtos transportados.<\/p>\n\n\n\n<p><\/p>\n\n\n\n<figure class=\"wp-block-image size-full\"><img loading=\"lazy\" decoding=\"async\" width=\"897\" height=\"204\" src=\"https:\/\/radiostudiow.com.br\/site\/wp-content\/uploads\/2024\/01\/SITE-GRANDE3.png\" alt=\"zaions\" class=\"wp-image-18936\" srcset=\"https:\/\/radiostudiow.com.br\/site\/wp-content\/uploads\/2024\/01\/SITE-GRANDE3.png 897w, https:\/\/radiostudiow.com.br\/site\/wp-content\/uploads\/2024\/01\/SITE-GRANDE3-300x68.png 300w, https:\/\/radiostudiow.com.br\/site\/wp-content\/uploads\/2024\/01\/SITE-GRANDE3-768x175.png 768w\" sizes=\"auto, (max-width: 897px) 100vw, 897px\" \/><\/figure>\n\n\n\n<p>Fonte da Informa\u00e7\u00e3o: VVale<\/p>\n","protected":false},"excerpt":{"rendered":"<p>O grave acidente registrado na noite deste domingo (23) na BR-153, no quil\u00f4metro 498, na conhecida &#8220;curva do Romeu&#8221;, entre General Carneiro e o trevo do Horizonte, teve uma colis\u00e3o frontal e envolveu um autom\u00f3vel Audi, com placas de Ponte Serrada (SC), e uma carreta carregada de caixas de leite, registrada em Conc\u00f3rdia (SC). De [&hellip;]<\/p>\n","protected":false},"author":2,"featured_media":35882,"comment_status":"open","ping_status":"open","sticky":false,"template":"","format":"standard","meta":{"footnotes":""},"categories":[185],"tags":[172],"class_list":["post-35880","post","type-post","status-publish","format-standard","has-post-thumbnail","hentry","category-regional","tag-featured"],"amp_enabled":true,"_links":{"self":[{"href":"https:\/\/radiostudiow.com.br\/site\/wp-json\/wp\/v2\/posts\/35880","targetHints":{"allow":["GET"]}}],"collection":[{"href":"https:\/\/radiostudiow.com.br\/site\/wp-json\/wp\/v2\/posts"}],"about":[{"href":"https:\/\/radiostudiow.com.br\/site\/wp-json\/wp\/v2\/types\/post"}],"author":[{"embeddable":true,"href":"https:\/\/radiostudiow.com.br\/site\/wp-json\/wp\/v2\/users\/2"}],"replies":[{"embeddable":true,"href":"https:\/\/radiostudiow.com.br\/site\/wp-json\/wp\/v2\/comments?post=35880"}],"version-history":[{"count":1,"href":"https:\/\/radiostudiow.com.br\/site\/wp-json\/wp\/v2\/posts\/35880\/revisions"}],"predecessor-version":[{"id":35883,"href":"https:\/\/radiostudiow.com.br\/site\/wp-json\/wp\/v2\/posts\/35880\/revisions\/35883"}],"wp:featuredmedia":[{"embeddable":true,"href":"https:\/\/radiostudiow.com.br\/site\/wp-json\/wp\/v2\/media\/35882"}],"wp:attachment":[{"href":"https:\/\/radiostudiow.com.br\/site\/wp-json\/wp\/v2\/media?parent=35880"}],"wp:term":[{"taxonomy":"category","embeddable":true,"href":"https:\/\/radiostudiow.com.br\/site\/wp-json\/wp\/v2\/categories?post=35880"},{"taxonomy":"post_tag","embeddable":true,"href":"https:\/\/radiostudiow.com.br\/site\/wp-json\/wp\/v2\/tags?post=35880"}],"curies":[{"name":"wp","href":"https:\/\/api.w.org\/{rel}","templated":true}]}}