{"id":35892,"date":"2025-03-24T19:11:46","date_gmt":"2025-03-24T22:11:46","guid":{"rendered":"https:\/\/radiostudiow.com.br\/site\/?p=35892"},"modified":"2025-03-24T21:32:48","modified_gmt":"2025-03-25T00:32:48","slug":"malletense-lucia-parastchuk-oszust-assume-vice-presidencia-da-representacao-central-ucraniana-no-brasil","status":"publish","type":"post","link":"https:\/\/radiostudiow.com.br\/site\/2025\/03\/24\/malletense-lucia-parastchuk-oszust-assume-vice-presidencia-da-representacao-central-ucraniana-no-brasil\/","title":{"rendered":"Malletense L\u00facia Parastchuk Oszust, assume vice-presid\u00eancia da Representa\u00e7\u00e3o Central Ucraniana no Brasil"},"content":{"rendered":"\n<p><\/p>\n\n\n\n<p>Nesse \u00faltimo fim de semana, Curitiba sediou o XI Congresso da Comunidade Ucraniana Brasileira, evento que marcou a elei\u00e7\u00e3o da nova diretoria da Representa\u00e7\u00e3o Central Ucraniana no Brasil.<\/p>\n\n\n\n<p>A entidade, criada em 23 de mar\u00e7o de 1985, tem a miss\u00e3o de representar a comunidade ucraniano-brasileira junto a autoridades e institui\u00e7\u00f5es no Brasil e no exterior.<\/p>\n\n\n\n<p><strong>Uma das novidades da nova gest\u00e3o \u00e9 a presen\u00e7a expressiva de mulheres na lideran\u00e7a, incluindo a malletense L\u00facia Parastchuk Oszust, que assume como uma das vice-presidentes da entidade.<\/strong><\/p>\n\n\n\n<p>L\u00facia tem um hist\u00f3rico de dedica\u00e7\u00e3o \u00e0 preserva\u00e7\u00e3o da cultura ucraniana, tendo sido presidente do Grupo Folcl\u00f3rico Ucraniano Spomen de Mallet.<\/p>\n\n\n\n<p><\/p>\n\n\n\n<figure class=\"wp-block-image size-large\"><img loading=\"lazy\" decoding=\"async\" width=\"1024\" height=\"683\" src=\"https:\/\/radiostudiow.com.br\/site\/wp-content\/uploads\/2025\/03\/74f47bfa-01fe-4ae1-ad3e-0c1804f4b551-1024x683.jpg\" alt=\"\" class=\"wp-image-35893\" srcset=\"https:\/\/radiostudiow.com.br\/site\/wp-content\/uploads\/2025\/03\/74f47bfa-01fe-4ae1-ad3e-0c1804f4b551-1024x683.jpg 1024w, https:\/\/radiostudiow.com.br\/site\/wp-content\/uploads\/2025\/03\/74f47bfa-01fe-4ae1-ad3e-0c1804f4b551-300x200.jpg 300w, https:\/\/radiostudiow.com.br\/site\/wp-content\/uploads\/2025\/03\/74f47bfa-01fe-4ae1-ad3e-0c1804f4b551-768x512.jpg 768w, https:\/\/radiostudiow.com.br\/site\/wp-content\/uploads\/2025\/03\/74f47bfa-01fe-4ae1-ad3e-0c1804f4b551-1536x1024.jpg 1536w, https:\/\/radiostudiow.com.br\/site\/wp-content\/uploads\/2025\/03\/74f47bfa-01fe-4ae1-ad3e-0c1804f4b551.jpg 1600w\" sizes=\"auto, (max-width: 1024px) 100vw, 1024px\" \/><\/figure>\n\n\n\n<p><\/p>\n\n\n\n<p>Agora, na nova fun\u00e7\u00e3o, ela contribuir\u00e1 ainda mais para os interesses e reivindica\u00e7\u00f5es da comunidade ucraniana no Brasil, especialmente em um momento delicado devido \u00e0 guerra na Ucr\u00e2nia, que afeta descendentes de ucranianos no pa\u00eds.<\/p>\n\n\n\n<p><strong>A presid\u00eancia da entidade ser\u00e1 ocupada por Roberto Andr\u00e9 Oresten, advogado com uma longa trajet\u00f3ria no servi\u00e7o p\u00fablico e no ensino superior.<\/strong><\/p>\n\n\n\n<p>Ele sucede Vit\u00f3rio Sorotiuk, que esteve \u00e0 frente da entidade por 22 anos. Durante seu discurso de despedida, Sorotiuk destacou a crescente participa\u00e7\u00e3o feminina na diretoria, ressaltando que, dos 11 membros da nova gest\u00e3o, oito s\u00e3o mulheres. \u201cTudo aponta para que, no futuro, o atual presidente tenha como sucessora uma mulher\u201d, afirmou.<\/p>\n\n\n\n<p><\/p>\n\n\n\n<figure class=\"wp-block-image size-large\"><img loading=\"lazy\" decoding=\"async\" width=\"1024\" height=\"683\" src=\"https:\/\/radiostudiow.com.br\/site\/wp-content\/uploads\/2025\/03\/486496359_10236857315557318_5460520293793029986_n-1024x683.jpg\" alt=\"\" class=\"wp-image-35894\" srcset=\"https:\/\/radiostudiow.com.br\/site\/wp-content\/uploads\/2025\/03\/486496359_10236857315557318_5460520293793029986_n-1024x683.jpg 1024w, https:\/\/radiostudiow.com.br\/site\/wp-content\/uploads\/2025\/03\/486496359_10236857315557318_5460520293793029986_n-300x200.jpg 300w, https:\/\/radiostudiow.com.br\/site\/wp-content\/uploads\/2025\/03\/486496359_10236857315557318_5460520293793029986_n-768x512.jpg 768w, https:\/\/radiostudiow.com.br\/site\/wp-content\/uploads\/2025\/03\/486496359_10236857315557318_5460520293793029986_n-1536x1025.jpg 1536w, https:\/\/radiostudiow.com.br\/site\/wp-content\/uploads\/2025\/03\/486496359_10236857315557318_5460520293793029986_n.jpg 2048w\" sizes=\"auto, (max-width: 1024px) 100vw, 1024px\" \/><\/figure>\n\n\n\n<p><strong>Bulava, s\u00edmbolo de poder na Ucr\u00e2nia entregue ao novo presidente<\/strong><\/p>\n\n\n\n<p>A nova diretoria da Representa\u00e7\u00e3o Central Ucraniana no Brasil conta com os seguintes vice-presidentes:<\/p>\n\n\n\n<ul class=\"wp-block-list\">\n<li><strong>Jorge Rybka<\/strong> \u2013 Representando a comunidade ucraniana do Estado de S\u00e3o Paulo;<\/li>\n\n\n\n<li><strong>Oksana Jadvizak<\/strong> \u2013 Representando a comunidade ucraniana do Munic\u00edpio de Prudent\u00f3polis;<\/li>\n\n\n\n<li><strong>Julia Regina Bordun Bertoldi<\/strong> \u2013 Representando a comunidade ucraniana do Munic\u00edpio de Curitiba;<\/li>\n\n\n\n<li><strong>Giovana Chokailo<\/strong> \u2013 Representando a comunidade ucraniana do Munic\u00edpio de Uni\u00e3o da Vit\u00f3ria;<\/li>\n\n\n\n<li><strong>L\u00facia Oszust<\/strong> \u2013 Representando a comunidade ucraniana do Munic\u00edpio de Mallet;<\/li>\n\n\n\n<li><strong>S\u00f4nia Arendarchuk<\/strong> \u2013 Representando a comunidade ucraniana do Estado de Santa Catarina.<\/li>\n<\/ul>\n\n\n\n<p>Al\u00e9m disso, a secretaria ser\u00e1 composta por Ana Kovaliuk e Oleksandra Hrystsyna, enquanto a tesouraria contar\u00e1 com Vera Piaceski e S\u00e9rgio Maciura.<\/p>\n\n\n\n<figure class=\"wp-block-image size-large\"><img loading=\"lazy\" decoding=\"async\" width=\"1024\" height=\"683\" src=\"https:\/\/radiostudiow.com.br\/site\/wp-content\/uploads\/2025\/03\/486240573_10236857843450515_3665818396016532205_n-1024x683.jpg\" alt=\"\" class=\"wp-image-35895\" srcset=\"https:\/\/radiostudiow.com.br\/site\/wp-content\/uploads\/2025\/03\/486240573_10236857843450515_3665818396016532205_n-1024x683.jpg 1024w, https:\/\/radiostudiow.com.br\/site\/wp-content\/uploads\/2025\/03\/486240573_10236857843450515_3665818396016532205_n-300x200.jpg 300w, https:\/\/radiostudiow.com.br\/site\/wp-content\/uploads\/2025\/03\/486240573_10236857843450515_3665818396016532205_n-768x512.jpg 768w, https:\/\/radiostudiow.com.br\/site\/wp-content\/uploads\/2025\/03\/486240573_10236857843450515_3665818396016532205_n-1536x1025.jpg 1536w, https:\/\/radiostudiow.com.br\/site\/wp-content\/uploads\/2025\/03\/486240573_10236857843450515_3665818396016532205_n.jpg 2048w\" sizes=\"auto, (max-width: 1024px) 100vw, 1024px\" \/><\/figure>\n\n\n\n<p><\/p>\n\n\n\n<p>A nova gest\u00e3o assume com o desafio de fortalecer ainda mais a representa\u00e7\u00e3o da comunidade ucraniana no Brasil, ampliando o apoio \u00e0 cultura, \u00e0 educa\u00e7\u00e3o e \u00e0 assist\u00eancia aos descendentes ucranianos no pa\u00eds.<\/p>\n\n\n\n<p><\/p>\n\n\n\n<figure class=\"wp-block-image size-large\"><img loading=\"lazy\" decoding=\"async\" width=\"1024\" height=\"768\" src=\"https:\/\/radiostudiow.com.br\/site\/wp-content\/uploads\/2025\/03\/486179905_10236857346998104_500747262600475179_n-1024x768.jpg\" alt=\"\" class=\"wp-image-35896\" srcset=\"https:\/\/radiostudiow.com.br\/site\/wp-content\/uploads\/2025\/03\/486179905_10236857346998104_500747262600475179_n-1024x768.jpg 1024w, https:\/\/radiostudiow.com.br\/site\/wp-content\/uploads\/2025\/03\/486179905_10236857346998104_500747262600475179_n-300x225.jpg 300w, https:\/\/radiostudiow.com.br\/site\/wp-content\/uploads\/2025\/03\/486179905_10236857346998104_500747262600475179_n-768x576.jpg 768w, https:\/\/radiostudiow.com.br\/site\/wp-content\/uploads\/2025\/03\/486179905_10236857346998104_500747262600475179_n-1536x1152.jpg 1536w, https:\/\/radiostudiow.com.br\/site\/wp-content\/uploads\/2025\/03\/486179905_10236857346998104_500747262600475179_n.jpg 2048w\" sizes=\"auto, (max-width: 1024px) 100vw, 1024px\" \/><\/figure>\n\n\n\n<p><\/p>\n\n\n\n<p><\/p>\n\n\n\n<figure class=\"wp-block-image size-full\"><img loading=\"lazy\" decoding=\"async\" width=\"897\" height=\"204\" src=\"https:\/\/radiostudiow.com.br\/site\/wp-content\/uploads\/2025\/03\/image-62.png\" alt=\"\" class=\"wp-image-35859\" srcset=\"https:\/\/radiostudiow.com.br\/site\/wp-content\/uploads\/2025\/03\/image-62.png 897w, https:\/\/radiostudiow.com.br\/site\/wp-content\/uploads\/2025\/03\/image-62-300x68.png 300w, https:\/\/radiostudiow.com.br\/site\/wp-content\/uploads\/2025\/03\/image-62-768x175.png 768w\" sizes=\"auto, (max-width: 897px) 100vw, 897px\" \/><\/figure>\n","protected":false},"excerpt":{"rendered":"<p>Nesse \u00faltimo fim de semana, Curitiba sediou o XI Congresso da Comunidade Ucraniana Brasileira, evento que marcou a elei\u00e7\u00e3o da nova diretoria da Representa\u00e7\u00e3o Central Ucraniana no Brasil. A entidade, criada em 23 de mar\u00e7o de 1985, tem a miss\u00e3o de representar a comunidade ucraniano-brasileira junto a autoridades e institui\u00e7\u00f5es no Brasil e no exterior. [&hellip;]<\/p>\n","protected":false},"author":2,"featured_media":35897,"comment_status":"open","ping_status":"open","sticky":false,"template":"","format":"standard","meta":{"footnotes":""},"categories":[184],"tags":[172],"class_list":["post-35892","post","type-post","status-publish","format-standard","has-post-thumbnail","hentry","category-local","tag-featured"],"amp_enabled":true,"_links":{"self":[{"href":"https:\/\/radiostudiow.com.br\/site\/wp-json\/wp\/v2\/posts\/35892","targetHints":{"allow":["GET"]}}],"collection":[{"href":"https:\/\/radiostudiow.com.br\/site\/wp-json\/wp\/v2\/posts"}],"about":[{"href":"https:\/\/radiostudiow.com.br\/site\/wp-json\/wp\/v2\/types\/post"}],"author":[{"embeddable":true,"href":"https:\/\/radiostudiow.com.br\/site\/wp-json\/wp\/v2\/users\/2"}],"replies":[{"embeddable":true,"href":"https:\/\/radiostudiow.com.br\/site\/wp-json\/wp\/v2\/comments?post=35892"}],"version-history":[{"count":1,"href":"https:\/\/radiostudiow.com.br\/site\/wp-json\/wp\/v2\/posts\/35892\/revisions"}],"predecessor-version":[{"id":35898,"href":"https:\/\/radiostudiow.com.br\/site\/wp-json\/wp\/v2\/posts\/35892\/revisions\/35898"}],"wp:featuredmedia":[{"embeddable":true,"href":"https:\/\/radiostudiow.com.br\/site\/wp-json\/wp\/v2\/media\/35897"}],"wp:attachment":[{"href":"https:\/\/radiostudiow.com.br\/site\/wp-json\/wp\/v2\/media?parent=35892"}],"wp:term":[{"taxonomy":"category","embeddable":true,"href":"https:\/\/radiostudiow.com.br\/site\/wp-json\/wp\/v2\/categories?post=35892"},{"taxonomy":"post_tag","embeddable":true,"href":"https:\/\/radiostudiow.com.br\/site\/wp-json\/wp\/v2\/tags?post=35892"}],"curies":[{"name":"wp","href":"https:\/\/api.w.org\/{rel}","templated":true}]}}