{"id":35906,"date":"2025-03-24T21:42:09","date_gmt":"2025-03-25T00:42:09","guid":{"rendered":"https:\/\/radiostudiow.com.br\/site\/?p=35906"},"modified":"2025-03-24T21:42:09","modified_gmt":"2025-03-25T00:42:09","slug":"foragido-da-justica-e-capturado-pela-policia-civil-em-imbituva","status":"publish","type":"post","link":"https:\/\/radiostudiow.com.br\/site\/2025\/03\/24\/foragido-da-justica-e-capturado-pela-policia-civil-em-imbituva\/","title":{"rendered":"Foragido da Justi\u00e7a \u00e9 capturado pela Pol\u00edcia Civil em Imbituva"},"content":{"rendered":"\n<p><\/p>\n\n\n\n<p>A Pol\u00edcia Civil do Paran\u00e1 (PCPR) prendeu, no final da manh\u00e3 desta segunda-feira (24), um homem condenado por roubo que estava foragido do sistema penitenci\u00e1rio.<\/p>\n\n\n\n<p>A captura ocorreu no Bairro Tangar\u00e1, em Imbituva, ap\u00f3s investiga\u00e7\u00f5es baseadas em den\u00fancias an\u00f4nimas.<\/p>\n\n\n\n<p>O detido, identificado como Valdeli da Silva Ferreira, de 36 anos, havia sido condenado pela Vara Criminal de Irati e cumpria pena em regime semiaberto na unidade prisional de Guarapuava.<\/p>\n\n\n\n<p><\/p>\n\n\n\n<figure class=\"wp-block-image size-full\"><img loading=\"lazy\" decoding=\"async\" width=\"897\" height=\"204\" src=\"https:\/\/radiostudiow.com.br\/site\/wp-content\/uploads\/2024\/01\/SITE-GRANDE3.png\" alt=\"zaions\" class=\"wp-image-18936\" srcset=\"https:\/\/radiostudiow.com.br\/site\/wp-content\/uploads\/2024\/01\/SITE-GRANDE3.png 897w, https:\/\/radiostudiow.com.br\/site\/wp-content\/uploads\/2024\/01\/SITE-GRANDE3-300x68.png 300w, https:\/\/radiostudiow.com.br\/site\/wp-content\/uploads\/2024\/01\/SITE-GRANDE3-768x175.png 768w\" sizes=\"auto, (max-width: 897px) 100vw, 897px\" \/><\/figure>\n\n\n\n<p>No entanto, ele se evadiu do sistema e estava escondido em uma resid\u00eancia no munic\u00edpio de Imbituva.<\/p>\n\n\n\n<p>Ap\u00f3s dilig\u00eancias, os policiais civis localizaram e efetuaram a pris\u00e3o do foragido. Ele foi encaminhado novamente ao sistema penitenci\u00e1rio para cumprir o restante da pena, que soma seis anos e cinco meses, agora em regime fechado.<\/p>\n\n\n\n<p>A Pol\u00edcia Civil refor\u00e7a a import\u00e2ncia da colabora\u00e7\u00e3o da popula\u00e7\u00e3o para auxiliar na localiza\u00e7\u00e3o de foragidos da Justi\u00e7a e na elucida\u00e7\u00e3o de crimes.<\/p>\n\n\n\n<p>Den\u00fancias podem ser feitas anonimamente pelos n\u00fameros 197 (PCPR), 181 (Disque-Den\u00fancia) ou diretamente \u00e0 equipe de investiga\u00e7\u00e3o pelo telefone (42) 3436-1177.<\/p>\n\n\n\n<p>A opera\u00e7\u00e3o demonstra o compromisso das for\u00e7as de seguran\u00e7a em manter a ordem e garantir que condenados cumpram suas penas conforme determinado pela Justi\u00e7a.<\/p>\n\n\n\n<p>Informa\u00e7\u00f5es e Imagem Pol\u00edcia Civil de Imbituva<\/p>\n\n\n\n<p><\/p>\n\n\n\n<figure class=\"wp-block-image size-full\"><img loading=\"lazy\" decoding=\"async\" width=\"598\" height=\"204\" src=\"https:\/\/radiostudiow.com.br\/site\/wp-content\/uploads\/2024\/10\/labirati.png\" alt=\"\" class=\"wp-image-28854\" srcset=\"https:\/\/radiostudiow.com.br\/site\/wp-content\/uploads\/2024\/10\/labirati.png 598w, https:\/\/radiostudiow.com.br\/site\/wp-content\/uploads\/2024\/10\/labirati-300x102.png 300w\" sizes=\"auto, (max-width: 598px) 100vw, 598px\" \/><\/figure>\n\n\n\n<p>\/Rep\u00f3rter Kiko De Oliveira<\/p>\n","protected":false},"excerpt":{"rendered":"<p>A Pol\u00edcia Civil do Paran\u00e1 (PCPR) prendeu, no final da manh\u00e3 desta segunda-feira (24), um homem condenado por roubo que estava foragido do sistema penitenci\u00e1rio. A captura ocorreu no Bairro Tangar\u00e1, em Imbituva, ap\u00f3s investiga\u00e7\u00f5es baseadas em den\u00fancias an\u00f4nimas. O detido, identificado como Valdeli da Silva Ferreira, de 36 anos, havia sido condenado pela Vara [&hellip;]<\/p>\n","protected":false},"author":2,"featured_media":0,"comment_status":"open","ping_status":"open","sticky":false,"template":"","format":"standard","meta":{"footnotes":""},"categories":[2],"tags":[172],"class_list":["post-35906","post","type-post","status-publish","format-standard","hentry","category-policial","tag-featured"],"amp_enabled":true,"_links":{"self":[{"href":"https:\/\/radiostudiow.com.br\/site\/wp-json\/wp\/v2\/posts\/35906","targetHints":{"allow":["GET"]}}],"collection":[{"href":"https:\/\/radiostudiow.com.br\/site\/wp-json\/wp\/v2\/posts"}],"about":[{"href":"https:\/\/radiostudiow.com.br\/site\/wp-json\/wp\/v2\/types\/post"}],"author":[{"embeddable":true,"href":"https:\/\/radiostudiow.com.br\/site\/wp-json\/wp\/v2\/users\/2"}],"replies":[{"embeddable":true,"href":"https:\/\/radiostudiow.com.br\/site\/wp-json\/wp\/v2\/comments?post=35906"}],"version-history":[{"count":1,"href":"https:\/\/radiostudiow.com.br\/site\/wp-json\/wp\/v2\/posts\/35906\/revisions"}],"predecessor-version":[{"id":35908,"href":"https:\/\/radiostudiow.com.br\/site\/wp-json\/wp\/v2\/posts\/35906\/revisions\/35908"}],"wp:attachment":[{"href":"https:\/\/radiostudiow.com.br\/site\/wp-json\/wp\/v2\/media?parent=35906"}],"wp:term":[{"taxonomy":"category","embeddable":true,"href":"https:\/\/radiostudiow.com.br\/site\/wp-json\/wp\/v2\/categories?post=35906"},{"taxonomy":"post_tag","embeddable":true,"href":"https:\/\/radiostudiow.com.br\/site\/wp-json\/wp\/v2\/tags?post=35906"}],"curies":[{"name":"wp","href":"https:\/\/api.w.org\/{rel}","templated":true}]}}