{"id":35909,"date":"2025-03-24T21:49:00","date_gmt":"2025-03-25T00:49:00","guid":{"rendered":"https:\/\/radiostudiow.com.br\/site\/?p=35909"},"modified":"2025-03-24T21:49:01","modified_gmt":"2025-03-25T00:49:01","slug":"homem-e-detido-apos-tentar-esfaquear-adolescente-em-irati","status":"publish","type":"post","link":"https:\/\/radiostudiow.com.br\/site\/2025\/03\/24\/homem-e-detido-apos-tentar-esfaquear-adolescente-em-irati\/","title":{"rendered":"Homem \u00e9 detido ap\u00f3s tentar esfaquear adolescente em Irati"},"content":{"rendered":"\n<p><\/p>\n\n\n\n<p>A Guarda Municipal de Irati prendeu, na noite deste s\u00e1bado (23), um homem suspeito de tentar esfaquear uma adolescente de 14 anos no Parque Aqu\u00e1tico, localizado no Bairro Rio Bonito.<\/p>\n\n\n\n<p>&nbsp;O crime ocorreu por volta das 19h30 e mobilizou a equipe que realizava patrulhamento na regi\u00e3o.<\/p>\n\n\n\n<p>Ao serem informados sobre a tentativa de agress\u00e3o, os agentes da Guarda Municipal intervieram rapidamente e conseguiram conter o suspeito.<\/p>\n\n\n\n<p>Com ele, foi apreendida uma faca com aproximadamente 17 cm de l\u00e2mina, que teria sido utilizada na tentativa de ataque.<\/p>\n\n\n\n<p><\/p>\n\n\n\n<figure class=\"wp-block-image size-full\"><img loading=\"lazy\" decoding=\"async\" width=\"598\" height=\"204\" src=\"https:\/\/radiostudiow.com.br\/site\/wp-content\/uploads\/2025\/01\/SITE-MEDIO7.png\" alt=\"\" class=\"wp-image-32801\" srcset=\"https:\/\/radiostudiow.com.br\/site\/wp-content\/uploads\/2025\/01\/SITE-MEDIO7.png 598w, https:\/\/radiostudiow.com.br\/site\/wp-content\/uploads\/2025\/01\/SITE-MEDIO7-300x102.png 300w\" sizes=\"auto, (max-width: 598px) 100vw, 598px\" \/><\/figure>\n\n\n\n<p><\/p>\n\n\n\n<p>Ap\u00f3s a abordagem, tanto o autor quanto a v\u00edtima foram conduzidos para a realiza\u00e7\u00e3o de laudo de les\u00f5es corporais. Em seguida, foram encaminhados \u00e0 41\u00aa Delegacia de Pol\u00edcia para os procedimentos legais.<\/p>\n\n\n\n<p>Por se tratar de uma menor de idade, o Conselho Tutelar foi acionado e conseguiu localizar a m\u00e3e da adolescente, que acompanhou o desenrolar da ocorr\u00eancia.<\/p>\n\n\n\n<p>A Pol\u00edcia Civil segue investigando o caso para apurar as circunst\u00e2ncias e motiva\u00e7\u00e3o da tentativa de agress\u00e3o.<\/p>\n\n\n\n<figure class=\"wp-block-image size-full\"><img loading=\"lazy\" decoding=\"async\" width=\"897\" height=\"204\" src=\"https:\/\/radiostudiow.com.br\/site\/wp-content\/uploads\/2025\/03\/SITE-GRANDE5.png\" alt=\"\" class=\"wp-image-35420\" srcset=\"https:\/\/radiostudiow.com.br\/site\/wp-content\/uploads\/2025\/03\/SITE-GRANDE5.png 897w, https:\/\/radiostudiow.com.br\/site\/wp-content\/uploads\/2025\/03\/SITE-GRANDE5-300x68.png 300w, https:\/\/radiostudiow.com.br\/site\/wp-content\/uploads\/2025\/03\/SITE-GRANDE5-768x175.png 768w\" sizes=\"auto, (max-width: 897px) 100vw, 897px\" \/><\/figure>\n\n\n\n<p><\/p>\n\n\n\n<p>Informa\u00e7\u00f5es e Imagem GM de Irati\/Rep\u00f3rter Kiko De Oliveira<\/p>\n","protected":false},"excerpt":{"rendered":"<p>A Guarda Municipal de Irati prendeu, na noite deste s\u00e1bado (23), um homem suspeito de tentar esfaquear uma adolescente de 14 anos no Parque Aqu\u00e1tico, localizado no Bairro Rio Bonito. &nbsp;O crime ocorreu por volta das 19h30 e mobilizou a equipe que realizava patrulhamento na regi\u00e3o. Ao serem informados sobre a tentativa de agress\u00e3o, os [&hellip;]<\/p>\n","protected":false},"author":2,"featured_media":35911,"comment_status":"open","ping_status":"open","sticky":false,"template":"","format":"standard","meta":{"footnotes":""},"categories":[2],"tags":[172],"class_list":["post-35909","post","type-post","status-publish","format-standard","has-post-thumbnail","hentry","category-policial","tag-featured"],"amp_enabled":true,"_links":{"self":[{"href":"https:\/\/radiostudiow.com.br\/site\/wp-json\/wp\/v2\/posts\/35909","targetHints":{"allow":["GET"]}}],"collection":[{"href":"https:\/\/radiostudiow.com.br\/site\/wp-json\/wp\/v2\/posts"}],"about":[{"href":"https:\/\/radiostudiow.com.br\/site\/wp-json\/wp\/v2\/types\/post"}],"author":[{"embeddable":true,"href":"https:\/\/radiostudiow.com.br\/site\/wp-json\/wp\/v2\/users\/2"}],"replies":[{"embeddable":true,"href":"https:\/\/radiostudiow.com.br\/site\/wp-json\/wp\/v2\/comments?post=35909"}],"version-history":[{"count":1,"href":"https:\/\/radiostudiow.com.br\/site\/wp-json\/wp\/v2\/posts\/35909\/revisions"}],"predecessor-version":[{"id":35912,"href":"https:\/\/radiostudiow.com.br\/site\/wp-json\/wp\/v2\/posts\/35909\/revisions\/35912"}],"wp:featuredmedia":[{"embeddable":true,"href":"https:\/\/radiostudiow.com.br\/site\/wp-json\/wp\/v2\/media\/35911"}],"wp:attachment":[{"href":"https:\/\/radiostudiow.com.br\/site\/wp-json\/wp\/v2\/media?parent=35909"}],"wp:term":[{"taxonomy":"category","embeddable":true,"href":"https:\/\/radiostudiow.com.br\/site\/wp-json\/wp\/v2\/categories?post=35909"},{"taxonomy":"post_tag","embeddable":true,"href":"https:\/\/radiostudiow.com.br\/site\/wp-json\/wp\/v2\/tags?post=35909"}],"curies":[{"name":"wp","href":"https:\/\/api.w.org\/{rel}","templated":true}]}}