{"id":35913,"date":"2025-03-24T22:03:15","date_gmt":"2025-03-25T01:03:15","guid":{"rendered":"https:\/\/radiostudiow.com.br\/site\/?p=35913"},"modified":"2025-03-24T22:31:12","modified_gmt":"2025-03-25T01:31:12","slug":"colisao-entre-caminhao-e-duster-e-registrada-na-br-153-em-rio-azul","status":"publish","type":"post","link":"https:\/\/radiostudiow.com.br\/site\/2025\/03\/24\/colisao-entre-caminhao-e-duster-e-registrada-na-br-153-em-rio-azul\/","title":{"rendered":"Colis\u00e3o entre caminh\u00e3o e Duster \u00e9 registrada na BR-153, em Rio Azul"},"content":{"rendered":"\n<p><\/p>\n\n\n\n<p>Na tarde desta segunda-feira (24), por volta das 17h, um acidente de tr\u00e2nsito foi registrado no Km 366 da BR-153, no munic\u00edpio de Rio Azul (PR).<\/p>\n\n\n\n<p>A colis\u00e3o transversal envolveu um caminh\u00e3o Mercedes-Benz de cor vermelha, com placas de Rio Azul, e uma Renault Duster branca pertencente ao Instituto \u00c1gua e Terra (IAT), com placas de Curitiba.<\/p>\n\n\n\n<p>Apesar do impacto o  SAMU (S<mark>ervi\u00e7o de Atendimento M\u00f3vel de Urg\u00eancia\u00a0<\/mark>, foi acionado mas n\u00e3o houve registro de v\u00edtimas. <\/p>\n\n\n\n<p>O condutor do caminh\u00e3o, um homem de 43 anos, saiu ileso e realizou o teste do baf\u00f4metro, que apresentou resultado negativo para ingest\u00e3o de \u00e1lcool.<\/p>\n\n\n\n<p><\/p>\n\n\n\n<figure class=\"wp-block-image size-full\"><img loading=\"lazy\" decoding=\"async\" width=\"897\" height=\"204\" src=\"https:\/\/radiostudiow.com.br\/site\/wp-content\/uploads\/2025\/03\/image-62.png\" alt=\"\" class=\"wp-image-35859\" srcset=\"https:\/\/radiostudiow.com.br\/site\/wp-content\/uploads\/2025\/03\/image-62.png 897w, https:\/\/radiostudiow.com.br\/site\/wp-content\/uploads\/2025\/03\/image-62-300x68.png 300w, https:\/\/radiostudiow.com.br\/site\/wp-content\/uploads\/2025\/03\/image-62-768x175.png 768w\" sizes=\"auto, (max-width: 897px) 100vw, 897px\" \/><\/figure>\n\n\n\n<p><\/p>\n\n\n\n<p>O motorista da Duster, um homem de 60 anos, tamb\u00e9m n\u00e3o sofreu ferimentos e, igualmente, foi submetido ao teste do etil\u00f4metro, que n\u00e3o indicou consumo de \u00e1lcool.<\/p>\n\n\n\n<p>A Pol\u00edcia Rodovi\u00e1ria Federal (PRF) foi acionada para atender \u00e0 ocorr\u00eancia e orientou o tr\u00e2nsito no local. A<\/p>\n\n\n\n<p>s causas do acidente n\u00e3o foram detalhadas, mas a din\u00e2mica da colis\u00e3o ser\u00e1 analisada para eventuais provid\u00eancias.<\/p>\n\n\n\n<p>O trecho da BR-153, onde ocorreu o acidente, \u00e9 conhecido por registrar movimenta\u00e7\u00e3o intensa de entrada e sa\u00edda de ve\u00edculos de carga e de passeio, pois \u00e9 uma das principais entradas do munic\u00edpio, exigindo aten\u00e7\u00e3o redobrada dos motoristas.<\/p>\n\n\n\n<figure class=\"wp-block-image size-full\"><img loading=\"lazy\" decoding=\"async\" width=\"897\" height=\"204\" src=\"https:\/\/radiostudiow.com.br\/site\/wp-content\/uploads\/2025\/02\/SITE-GRANDE7.png\" alt=\"\" class=\"wp-image-33861\" srcset=\"https:\/\/radiostudiow.com.br\/site\/wp-content\/uploads\/2025\/02\/SITE-GRANDE7.png 897w, https:\/\/radiostudiow.com.br\/site\/wp-content\/uploads\/2025\/02\/SITE-GRANDE7-300x68.png 300w, https:\/\/radiostudiow.com.br\/site\/wp-content\/uploads\/2025\/02\/SITE-GRANDE7-768x175.png 768w\" sizes=\"auto, (max-width: 897px) 100vw, 897px\" \/><\/figure>\n\n\n\n<p><\/p>\n\n\n\n<p>Veja as imagens de C\u00e2meras de Seguran\u00e7a  o momento da colis\u00e3o.<\/p>\n\n\n\n<figure class=\"wp-block-video\"><video height=\"478\" style=\"aspect-ratio: 848 \/ 478;\" width=\"848\" controls src=\"https:\/\/radiostudiow.com.br\/site\/wp-content\/uploads\/2025\/03\/WhatsApp-Video-2025-03-24-at-22.05.10.mp4\"><\/video><\/figure>\n\n\n\n<p><\/p>\n\n\n\n<figure class=\"wp-block-image size-full\"><img loading=\"lazy\" decoding=\"async\" width=\"897\" height=\"204\" src=\"https:\/\/radiostudiow.com.br\/site\/wp-content\/uploads\/2025\/03\/BARAO-NOVO-NOTICIAS-1.jpg\" alt=\"\" class=\"wp-image-35084\" srcset=\"https:\/\/radiostudiow.com.br\/site\/wp-content\/uploads\/2025\/03\/BARAO-NOVO-NOTICIAS-1.jpg 897w, https:\/\/radiostudiow.com.br\/site\/wp-content\/uploads\/2025\/03\/BARAO-NOVO-NOTICIAS-1-300x68.jpg 300w, https:\/\/radiostudiow.com.br\/site\/wp-content\/uploads\/2025\/03\/BARAO-NOVO-NOTICIAS-1-768x175.jpg 768w\" sizes=\"auto, (max-width: 897px) 100vw, 897px\" \/><\/figure>\n\n\n\n<p><\/p>\n\n\n\n<p><\/p>\n\n\n\n<figure class=\"wp-block-video\"><video height=\"848\" style=\"aspect-ratio: 480 \/ 848;\" width=\"480\" controls src=\"https:\/\/radiostudiow.com.br\/site\/wp-content\/uploads\/2025\/03\/WhatsApp-Video-vvvv2025-03-24-at-22.05.11.mp4\"><\/video><\/figure>\n\n\n\n<p>Informa\u00e7\u00f5es: Parceria com o Rep\u00f3rter Kiko Oliveira de Irati<\/p>\n\n\n\n<p>Imagens: Internautas<\/p>\n","protected":false},"excerpt":{"rendered":"<p>Na tarde desta segunda-feira (24), por volta das 17h, um acidente de tr\u00e2nsito foi registrado no Km 366 da BR-153, no munic\u00edpio de Rio Azul (PR). A colis\u00e3o transversal envolveu um caminh\u00e3o Mercedes-Benz de cor vermelha, com placas de Rio Azul, e uma Renault Duster branca pertencente ao Instituto \u00c1gua e Terra (IAT), com placas [&hellip;]<\/p>\n","protected":false},"author":2,"featured_media":35914,"comment_status":"open","ping_status":"open","sticky":false,"template":"","format":"standard","meta":{"footnotes":""},"categories":[185],"tags":[172],"class_list":["post-35913","post","type-post","status-publish","format-standard","has-post-thumbnail","hentry","category-regional","tag-featured"],"amp_enabled":true,"_links":{"self":[{"href":"https:\/\/radiostudiow.com.br\/site\/wp-json\/wp\/v2\/posts\/35913","targetHints":{"allow":["GET"]}}],"collection":[{"href":"https:\/\/radiostudiow.com.br\/site\/wp-json\/wp\/v2\/posts"}],"about":[{"href":"https:\/\/radiostudiow.com.br\/site\/wp-json\/wp\/v2\/types\/post"}],"author":[{"embeddable":true,"href":"https:\/\/radiostudiow.com.br\/site\/wp-json\/wp\/v2\/users\/2"}],"replies":[{"embeddable":true,"href":"https:\/\/radiostudiow.com.br\/site\/wp-json\/wp\/v2\/comments?post=35913"}],"version-history":[{"count":3,"href":"https:\/\/radiostudiow.com.br\/site\/wp-json\/wp\/v2\/posts\/35913\/revisions"}],"predecessor-version":[{"id":35923,"href":"https:\/\/radiostudiow.com.br\/site\/wp-json\/wp\/v2\/posts\/35913\/revisions\/35923"}],"wp:featuredmedia":[{"embeddable":true,"href":"https:\/\/radiostudiow.com.br\/site\/wp-json\/wp\/v2\/media\/35914"}],"wp:attachment":[{"href":"https:\/\/radiostudiow.com.br\/site\/wp-json\/wp\/v2\/media?parent=35913"}],"wp:term":[{"taxonomy":"category","embeddable":true,"href":"https:\/\/radiostudiow.com.br\/site\/wp-json\/wp\/v2\/categories?post=35913"},{"taxonomy":"post_tag","embeddable":true,"href":"https:\/\/radiostudiow.com.br\/site\/wp-json\/wp\/v2\/tags?post=35913"}],"curies":[{"name":"wp","href":"https:\/\/api.w.org\/{rel}","templated":true}]}}