{"id":35933,"date":"2025-03-25T10:20:30","date_gmt":"2025-03-25T13:20:30","guid":{"rendered":"https:\/\/radiostudiow.com.br\/site\/?p=35933"},"modified":"2025-03-25T10:21:11","modified_gmt":"2025-03-25T13:21:11","slug":"video-turistas-de-uniao-da-vitoria-registram-aparicao-do-papa-apos-alta-medica","status":"publish","type":"post","link":"https:\/\/radiostudiow.com.br\/site\/2025\/03\/25\/video-turistas-de-uniao-da-vitoria-registram-aparicao-do-papa-apos-alta-medica\/","title":{"rendered":"V\u00cdDEO: Turistas de Uni\u00e3o da Vit\u00f3ria registram apari\u00e7\u00e3o do Papa"},"content":{"rendered":"\n<p>No domingo, 23 de mar\u00e7o, o Papa Francisco fez sua primeira apari\u00e7\u00e3o p\u00fablica ap\u00f3s mais de um m\u00eas internado para tratar de uma pneumonia bilateral. A imagem do Pont\u00edfice acenando e aben\u00e7oando os fi\u00e9is da sacada do Hospital Gemelli, em Roma, foi capturada por um grupo de turistas de Uni\u00e3o da Vit\u00f3ria, que estava em viagem pela It\u00e1lia. Eles se programaram para estar no local ap\u00f3s verem nas redes sociais a informa\u00e7\u00e3o de que o Papa faria uma apari\u00e7\u00e3o, logo ap\u00f3s receber alta m\u00e9dica, segundo o portal&nbsp;<strong>P97<\/strong>.<\/p>\n\n\n\n<figure class=\"wp-block-image size-full\"><img loading=\"lazy\" decoding=\"async\" width=\"897\" height=\"204\" src=\"https:\/\/radiostudiow.com.br\/site\/wp-content\/uploads\/2025\/03\/image-62.png\" alt=\"\" class=\"wp-image-35859\" srcset=\"https:\/\/radiostudiow.com.br\/site\/wp-content\/uploads\/2025\/03\/image-62.png 897w, https:\/\/radiostudiow.com.br\/site\/wp-content\/uploads\/2025\/03\/image-62-300x68.png 300w, https:\/\/radiostudiow.com.br\/site\/wp-content\/uploads\/2025\/03\/image-62-768x175.png 768w\" sizes=\"auto, (max-width: 897px) 100vw, 897px\" \/><\/figure>\n\n\n\n<p>O grupo, formado por Fernanda Sales, Beatriz Sales Strapasson, Viviane de Almeida, Gustavo Jakobi e Jamile Sekula, teve a sorte de conseguir imagens exclusivas do momento hist\u00f3rico.<\/p>\n\n\n\n<blockquote class=\"wp-block-quote is-layout-flow wp-block-quote-is-layout-flow\">\n<p>\u201cFoi uma alegria imensa poder ver o Papa de t\u00e3o perto, especialmente depois de tudo o que ele passou. Est\u00e1vamos l\u00e1 acompanhando a sa\u00edda dele do hospital, e foi uma emo\u00e7\u00e3o indescrit\u00edvel\u201d, contou Fernanda Sales, uma das turistas do grupo, que tamb\u00e9m registrou as imagens.<\/p>\n<\/blockquote>\n\n\n\n<p>Ap\u00f3s sua alta, o Papa Francisco agradeceu aos m\u00e9dicos e profissionais de sa\u00fade pelo cuidado durante sua recupera\u00e7\u00e3o e tamb\u00e9m fez uma men\u00e7\u00e3o aos conflitos na Faixa de Gaza. Esta foi a primeira vez que o Papa conduziu o Angelus desde fevereiro, marcando um momento importante em sua recupera\u00e7\u00e3o.<\/p>\n\n\n\n<figure class=\"wp-block-image size-full\"><img loading=\"lazy\" decoding=\"async\" width=\"900\" height=\"408\" src=\"https:\/\/radiostudiow.com.br\/site\/wp-content\/uploads\/2025\/03\/SITE-E-TV-1.png\" alt=\"\" class=\"wp-image-35744\" srcset=\"https:\/\/radiostudiow.com.br\/site\/wp-content\/uploads\/2025\/03\/SITE-E-TV-1.png 900w, https:\/\/radiostudiow.com.br\/site\/wp-content\/uploads\/2025\/03\/SITE-E-TV-1-300x136.png 300w, https:\/\/radiostudiow.com.br\/site\/wp-content\/uploads\/2025\/03\/SITE-E-TV-1-768x348.png 768w\" sizes=\"auto, (max-width: 900px) 100vw, 900px\" \/><\/figure>\n\n\n\n<p>Ap\u00f3s o evento, o Pont\u00edfice retornou \u00e0 sua resid\u00eancia em Santa Marta, onde come\u00e7ar\u00e1 um per\u00edodo de recupera\u00e7\u00e3o mais rigoroso, com acompanhamento m\u00e9dico cont\u00ednuo. Durante esse tempo, ele seguir\u00e1 restri\u00e7\u00f5es para evitar complica\u00e7\u00f5es, incluindo o uso de oxig\u00eanio e terapias respirat\u00f3rias.<\/p>\n\n\n\n<p>O grupo de turistas de Uni\u00e3o da Vit\u00f3ria, que teve a oportunidade de registrar o momento, compartilhou as imagens nas redes sociais, recebendo a admira\u00e7\u00e3o de amigos e seguidores pela exclusividade do momento.<\/p>\n\n\n\n<figure class=\"wp-block-video\"><video controls src=\"https:\/\/radiostudiow.com.br\/site\/wp-content\/uploads\/2025\/03\/Snapinst.app_video_AQNcJ52Z7npdO1xe8Z87Xlomj6FJ4d9SbGrOU5BbOoY5WBTf9zn1Jtn1T0lOmTP4tR-sqrURp-_ekNOLeOMs0BL7PiE9hZTe_FbEhrU-1.mp4\"><\/video><\/figure>\n\n\n\n<p><strong><em>Fonte: Portal de Not\u00edcias 97<\/em><\/strong><\/p>\n\n\n\n<p><\/p>\n","protected":false},"excerpt":{"rendered":"<p>No domingo, 23 de mar\u00e7o, o Papa Francisco fez sua primeira apari\u00e7\u00e3o p\u00fablica ap\u00f3s mais de um m\u00eas internado para tratar de uma pneumonia bilateral. A imagem do Pont\u00edfice acenando e aben\u00e7oando os fi\u00e9is da sacada do Hospital Gemelli, em Roma, foi capturada por um grupo de turistas de Uni\u00e3o da Vit\u00f3ria, que estava em [&hellip;]<\/p>\n","protected":false},"author":2,"featured_media":35934,"comment_status":"open","ping_status":"open","sticky":false,"template":"","format":"standard","meta":{"footnotes":""},"categories":[7],"tags":[172],"class_list":["post-35933","post","type-post","status-publish","format-standard","has-post-thumbnail","hentry","category-geral","tag-featured"],"amp_enabled":true,"_links":{"self":[{"href":"https:\/\/radiostudiow.com.br\/site\/wp-json\/wp\/v2\/posts\/35933","targetHints":{"allow":["GET"]}}],"collection":[{"href":"https:\/\/radiostudiow.com.br\/site\/wp-json\/wp\/v2\/posts"}],"about":[{"href":"https:\/\/radiostudiow.com.br\/site\/wp-json\/wp\/v2\/types\/post"}],"author":[{"embeddable":true,"href":"https:\/\/radiostudiow.com.br\/site\/wp-json\/wp\/v2\/users\/2"}],"replies":[{"embeddable":true,"href":"https:\/\/radiostudiow.com.br\/site\/wp-json\/wp\/v2\/comments?post=35933"}],"version-history":[{"count":2,"href":"https:\/\/radiostudiow.com.br\/site\/wp-json\/wp\/v2\/posts\/35933\/revisions"}],"predecessor-version":[{"id":35938,"href":"https:\/\/radiostudiow.com.br\/site\/wp-json\/wp\/v2\/posts\/35933\/revisions\/35938"}],"wp:featuredmedia":[{"embeddable":true,"href":"https:\/\/radiostudiow.com.br\/site\/wp-json\/wp\/v2\/media\/35934"}],"wp:attachment":[{"href":"https:\/\/radiostudiow.com.br\/site\/wp-json\/wp\/v2\/media?parent=35933"}],"wp:term":[{"taxonomy":"category","embeddable":true,"href":"https:\/\/radiostudiow.com.br\/site\/wp-json\/wp\/v2\/categories?post=35933"},{"taxonomy":"post_tag","embeddable":true,"href":"https:\/\/radiostudiow.com.br\/site\/wp-json\/wp\/v2\/tags?post=35933"}],"curies":[{"name":"wp","href":"https:\/\/api.w.org\/{rel}","templated":true}]}}