{"id":35939,"date":"2025-03-25T10:30:58","date_gmt":"2025-03-25T13:30:58","guid":{"rendered":"https:\/\/radiostudiow.com.br\/site\/?p=35939"},"modified":"2025-03-25T10:31:12","modified_gmt":"2025-03-25T13:31:12","slug":"tentativa-de-homicidio-em-reboucas-deixa-dois-homens-feridos","status":"publish","type":"post","link":"https:\/\/radiostudiow.com.br\/site\/2025\/03\/25\/tentativa-de-homicidio-em-reboucas-deixa-dois-homens-feridos\/","title":{"rendered":"Tentativa de homic\u00eddio deixa dois homens feridos em Rebou\u00e7as"},"content":{"rendered":"\n<p>No domingo, dia 23 de mar\u00e7o, por volta das 19h, a equipe policial de Rebou\u00e7as foi acionada para atender uma ocorr\u00eancia na Vila Feliz. Ao chegarem ao local, encontraram um homem contendo o outro em um sof\u00e1, segurando um rev\u00f3lver em seu pesco\u00e7o. Ambos estavam feridos.<\/p>\n\n\n\n<p>De acordo com a v\u00edtima e propriet\u00e1rio da resid\u00eancia, o outro envolvido entrou em sua casa portando uma faca e sem dizer nada, come\u00e7ou a atac\u00e1-lo. Eles entraram em uma luta corporal, e durante a luta, a v\u00edtima sacou um rev\u00f3lver de sua cintura e efetuou dois disparos no peito do agressor.<\/p>\n\n\n\n<figure class=\"wp-block-image size-full\"><img loading=\"lazy\" decoding=\"async\" width=\"897\" height=\"204\" src=\"https:\/\/radiostudiow.com.br\/site\/wp-content\/uploads\/2025\/03\/SITE-GRANDE5.png\" alt=\"\" class=\"wp-image-35420\" srcset=\"https:\/\/radiostudiow.com.br\/site\/wp-content\/uploads\/2025\/03\/SITE-GRANDE5.png 897w, https:\/\/radiostudiow.com.br\/site\/wp-content\/uploads\/2025\/03\/SITE-GRANDE5-300x68.png 300w, https:\/\/radiostudiow.com.br\/site\/wp-content\/uploads\/2025\/03\/SITE-GRANDE5-768x175.png 768w\" sizes=\"auto, (max-width: 897px) 100vw, 897px\" \/><\/figure>\n\n\n\n<p>Os envolvidos foram socorridos pelo SAMU e encaminhados ao hospital para receberem atendimento m\u00e9dico e realizar o laudo de les\u00e3o corporal. A pessoa que levou os tiros est\u00e1 em estado grave devido aos ferimentos, enquanto o outro envolvido teve alta do hospital e foi encaminhado \u00e0 delegacia de pol\u00edcia civil de Irati.<\/p>\n\n\n\n<p><em><strong>Com informa\u00e7\u00f5es da Pol\u00edcia Militar.<\/strong><\/em><\/p>\n","protected":false},"excerpt":{"rendered":"<p>No domingo, dia 23 de mar\u00e7o, por volta das 19h, a equipe policial de Rebou\u00e7as foi acionada para atender uma ocorr\u00eancia na Vila Feliz. Ao chegarem ao local, encontraram um homem contendo o outro em um sof\u00e1, segurando um rev\u00f3lver em seu pesco\u00e7o. Ambos estavam feridos. De acordo com a v\u00edtima e propriet\u00e1rio da resid\u00eancia, [&hellip;]<\/p>\n","protected":false},"author":2,"featured_media":35940,"comment_status":"open","ping_status":"open","sticky":false,"template":"","format":"standard","meta":{"footnotes":""},"categories":[2],"tags":[172],"class_list":["post-35939","post","type-post","status-publish","format-standard","has-post-thumbnail","hentry","category-policial","tag-featured"],"amp_enabled":true,"_links":{"self":[{"href":"https:\/\/radiostudiow.com.br\/site\/wp-json\/wp\/v2\/posts\/35939","targetHints":{"allow":["GET"]}}],"collection":[{"href":"https:\/\/radiostudiow.com.br\/site\/wp-json\/wp\/v2\/posts"}],"about":[{"href":"https:\/\/radiostudiow.com.br\/site\/wp-json\/wp\/v2\/types\/post"}],"author":[{"embeddable":true,"href":"https:\/\/radiostudiow.com.br\/site\/wp-json\/wp\/v2\/users\/2"}],"replies":[{"embeddable":true,"href":"https:\/\/radiostudiow.com.br\/site\/wp-json\/wp\/v2\/comments?post=35939"}],"version-history":[{"count":2,"href":"https:\/\/radiostudiow.com.br\/site\/wp-json\/wp\/v2\/posts\/35939\/revisions"}],"predecessor-version":[{"id":35942,"href":"https:\/\/radiostudiow.com.br\/site\/wp-json\/wp\/v2\/posts\/35939\/revisions\/35942"}],"wp:featuredmedia":[{"embeddable":true,"href":"https:\/\/radiostudiow.com.br\/site\/wp-json\/wp\/v2\/media\/35940"}],"wp:attachment":[{"href":"https:\/\/radiostudiow.com.br\/site\/wp-json\/wp\/v2\/media?parent=35939"}],"wp:term":[{"taxonomy":"category","embeddable":true,"href":"https:\/\/radiostudiow.com.br\/site\/wp-json\/wp\/v2\/categories?post=35939"},{"taxonomy":"post_tag","embeddable":true,"href":"https:\/\/radiostudiow.com.br\/site\/wp-json\/wp\/v2\/tags?post=35939"}],"curies":[{"name":"wp","href":"https:\/\/api.w.org\/{rel}","templated":true}]}}