{"id":35949,"date":"2025-03-25T17:25:20","date_gmt":"2025-03-25T20:25:20","guid":{"rendered":"https:\/\/radiostudiow.com.br\/site\/?p=35949"},"modified":"2025-03-25T17:25:21","modified_gmt":"2025-03-25T20:25:21","slug":"pm-de-uniao-da-vitoria-cumpre-mandado-de-prisao-por-roubo","status":"publish","type":"post","link":"https:\/\/radiostudiow.com.br\/site\/2025\/03\/25\/pm-de-uniao-da-vitoria-cumpre-mandado-de-prisao-por-roubo\/","title":{"rendered":"PM de Uni\u00e3o da Vit\u00f3ria cumpre mandado de pris\u00e3o por roubo"},"content":{"rendered":"\n<p>A equipe da Pol\u00edcia Militar de Uni\u00e3o da Vit\u00f3ria realizava patrulhamento pela via quando visualizou um indiv\u00edduo, o qual era de conhecimento que havia um mandado de pris\u00e3o em aberto.<\/p>\n\n\n\n<p>A situa\u00e7\u00e3o ocorreu por volta das 01h50min dessa segunda-feira, 24 de mar\u00e7o, na \u00e1rea central da cidade.<\/p>\n\n\n\n<p>Ap\u00f3s feita a abordagem e confirmado o mandado, foi dada voz de pris\u00e3o e o homem foi conduzido ao DEPEN de Porto Uni\u00e3o para prosseguimento dos tr\u00e2mites legais.<\/p>\n\n\n\n<figure class=\"wp-block-image size-full\"><img loading=\"lazy\" decoding=\"async\" width=\"300\" height=\"180\" src=\"https:\/\/radiostudiow.com.br\/site\/wp-content\/uploads\/2025\/01\/SITE-PEQUENO3.png\" alt=\"\" class=\"wp-image-32851\"\/><\/figure>\n","protected":false},"excerpt":{"rendered":"<p>A equipe da Pol\u00edcia Militar de Uni\u00e3o da Vit\u00f3ria realizava patrulhamento pela via quando visualizou um indiv\u00edduo, o qual era de conhecimento que havia um mandado de pris\u00e3o em aberto. A situa\u00e7\u00e3o ocorreu por volta das 01h50min dessa segunda-feira, 24 de mar\u00e7o, na \u00e1rea central da cidade. Ap\u00f3s feita a abordagem e confirmado o mandado, [&hellip;]<\/p>\n","protected":false},"author":2,"featured_media":33799,"comment_status":"open","ping_status":"open","sticky":false,"template":"","format":"standard","meta":{"footnotes":""},"categories":[2],"tags":[172],"class_list":["post-35949","post","type-post","status-publish","format-standard","has-post-thumbnail","hentry","category-policial","tag-featured"],"amp_enabled":true,"_links":{"self":[{"href":"https:\/\/radiostudiow.com.br\/site\/wp-json\/wp\/v2\/posts\/35949","targetHints":{"allow":["GET"]}}],"collection":[{"href":"https:\/\/radiostudiow.com.br\/site\/wp-json\/wp\/v2\/posts"}],"about":[{"href":"https:\/\/radiostudiow.com.br\/site\/wp-json\/wp\/v2\/types\/post"}],"author":[{"embeddable":true,"href":"https:\/\/radiostudiow.com.br\/site\/wp-json\/wp\/v2\/users\/2"}],"replies":[{"embeddable":true,"href":"https:\/\/radiostudiow.com.br\/site\/wp-json\/wp\/v2\/comments?post=35949"}],"version-history":[{"count":2,"href":"https:\/\/radiostudiow.com.br\/site\/wp-json\/wp\/v2\/posts\/35949\/revisions"}],"predecessor-version":[{"id":35961,"href":"https:\/\/radiostudiow.com.br\/site\/wp-json\/wp\/v2\/posts\/35949\/revisions\/35961"}],"wp:featuredmedia":[{"embeddable":true,"href":"https:\/\/radiostudiow.com.br\/site\/wp-json\/wp\/v2\/media\/33799"}],"wp:attachment":[{"href":"https:\/\/radiostudiow.com.br\/site\/wp-json\/wp\/v2\/media?parent=35949"}],"wp:term":[{"taxonomy":"category","embeddable":true,"href":"https:\/\/radiostudiow.com.br\/site\/wp-json\/wp\/v2\/categories?post=35949"},{"taxonomy":"post_tag","embeddable":true,"href":"https:\/\/radiostudiow.com.br\/site\/wp-json\/wp\/v2\/tags?post=35949"}],"curies":[{"name":"wp","href":"https:\/\/api.w.org\/{rel}","templated":true}]}}